{"id":5713,"date":"2024-11-09T18:50:13","date_gmt":"2024-11-09T17:50:13","guid":{"rendered":"https:\/\/serbiaopen.org\/?p=5713"},"modified":"2024-11-09T18:50:13","modified_gmt":"2024-11-09T17:50:13","slug":"nisam-usao-sa-puno-ocekivanja-u-ovu-nedelju-bilo-je-lepo-u-finalu","status":"publish","type":"post","link":"https:\/\/serbiaopen.org\/sr\/vesti\/nisam-usao-sa-puno-ocekivanja-u-ovu-nedelju-bilo-je-lepo-u-finalu\/","title":{"rendered":"Nisam u\u0161ao sa puno o\u010dekivanja u ovu nedelju, bilo je lepo u finalu"},"content":{"rendered":"<p>Hamad Me\u0111edovi\u0107 nije imao sre\u0107e u svom prvom ATP finalu, pora\u017een je od \u0160apovalova, ali je ostavio fantasti\u010dan utisak. Ipak, nije razo\u010daran, jer zna da su dobre godine pred njim.<\/p>\n<p>&#8222;Generalno super nedelja za mene. Nisam u\u0161ao sa puno o\u010dekivanja, jer par meseci nisam bio na potrebnom nivou. Onda sam iz me\u010da u me\u010d bio sve bolji. Finale? Tesan me\u010d, igrao je \u0160apovalov jako dobro, pogotovo na riternu. Vrhunski nivo. Ipak, dobar zavr\u0161etak sezone za mene&#8220;, rekao je Me\u0111edovi\u0107.<\/p>\n<p>Da li je bilo vi\u0161e dobrih ili lo\u0161ijih stvari u va\u0161oj igri, \u010dega \u0107ete se se\u0107ati iz finala?<\/p>\n<p>&#8222;Vi\u0161e je bilo pozitivnih stvari. Svestan sam da nisam imao velika o\u010dekivanja, ali verovao sam da mogu da imam dobru nedelju. Moglo je da bude i bolje u finalu, me\u0111utim \u0161ta je tu je&#8220;.<\/p>\n<p>Da li je odlaganje po\u010detka me\u010da uticalo na vas?<\/p>\n<p>&#8222;Nije. Mislim da nije ni na \u0160apovalova&#8220;.<\/p>\n<p>Odli\u010dno ste servirali, me\u0111utim niste na kraju izdr\u017eali \u0161ta se desilo?<\/p>\n<p>&#8222;Da. Dobro sam servirao. Ba\u0161 sam se oslanjao na servis zbog\u00a0 stoma\u010dnog virusa koji me zaka\u010dio. Klju\u010dni gem je bio 4:4, tada se desio i brejk. Dve gre\u0161ke i to je to.<\/p>\n<p>Da li je virus uticao na va\u0161u igru?<\/p>\n<p>&#8222;Mu\u010dio sam se sa virusom. Nedostajalo mi je malo energije. Bilo je lepih momenata u finalu, mada sam znao da ne mogu da izdr\u017eim dr u\u017eu razmenu udaraca, kao \u0161to sam to mogao pre finala&#8220;.<\/p>\n<p>Sada \u0107ete napredovati na ATP listi, koliko vam to zna\u010di?<\/p>\n<p>&#8222;Znam da sam napredovao na ATP listi. I pro\u0161e godine sam bio tu blizu 102 pa sam onda imao peh i nije bilo kako smo zami\u0161ljao. Sada \u0107u nastaviti naporno da radim i do\u0111em do cilja&#8220;, zaklju\u010dio je Me\u0111edovi\u0107.<\/p>\n","protected":false},"excerpt":{"rendered":"<p>Hamad Me\u0111edovi\u0107 nije imao sre\u0107e u svom prvom ATP finalu, [&hellip;]<\/p>\n","protected":false},"author":6,"featured_media":5715,"comment_status":"closed","ping_status":"closed","sticky":false,"template":"","format":"standard","meta":{"_acf_changed":false,"footnotes":""},"categories":[14],"tags":[],"class_list":["post-5713","post","type-post","status-publish","format-standard","has-post-thumbnail","hentry","category-vesti"],"acf":[],"yoast_head":"<!-- This site is optimized with the Yoast SEO plugin v23.7 - https:\/\/yoast.com\/wordpress\/plugins\/seo\/ -->\n<title>Nisam u\u0161ao sa puno o\u010dekivanja u ovu nedelju, bilo je lepo u finalu - Belgrade Open<\/title>\n<meta name=\"robots\" content=\"index, follow, max-snippet:-1, max-image-preview:large, max-video-preview:-1\" \/>\n<link rel=\"canonical\" href=\"https:\/\/serbiaopen.org\/sr\/vesti\/nisam-usao-sa-puno-ocekivanja-u-ovu-nedelju-bilo-je-lepo-u-finalu\/\" \/>\n<meta property=\"og:locale\" content=\"sr_RS\" \/>\n<meta property=\"og:type\" content=\"article\" \/>\n<meta property=\"og:title\" content=\"Nisam u\u0161ao sa puno o\u010dekivanja u ovu nedelju, bilo je lepo u finalu - Belgrade Open\" \/>\n<meta property=\"og:description\" content=\"Hamad Me\u0111edovi\u0107 nije imao sre\u0107e u svom prvom ATP finalu, [&hellip;]\" \/>\n<meta property=\"og:url\" content=\"https:\/\/serbiaopen.org\/sr\/vesti\/nisam-usao-sa-puno-ocekivanja-u-ovu-nedelju-bilo-je-lepo-u-finalu\/\" \/>\n<meta property=\"og:site_name\" content=\"Belgrade Open\" \/>\n<meta property=\"article:publisher\" content=\"https:\/\/www.facebook.com\/serbiaopenofficial\" \/>\n<meta property=\"article:published_time\" content=\"2024-11-09T17:50:13+00:00\" \/>\n<meta property=\"og:image\" content=\"https:\/\/serbiaopen.org\/wp-content\/uploads\/2024\/11\/TRAW0071-scaled.jpg\" \/>\n\t<meta property=\"og:image:width\" content=\"2560\" \/>\n\t<meta property=\"og:image:height\" content=\"1708\" \/>\n\t<meta property=\"og:image:type\" content=\"image\/jpeg\" \/>\n<meta name=\"author\" content=\"Mihajlo Piper\" \/>\n<meta name=\"twitter:card\" content=\"summary_large_image\" \/>\n<meta name=\"twitter:label1\" content=\"\u041d\u0430\u043f\u0438\u0441\u0430\u043d\u043e \u043e\u0434\" \/>\n\t<meta name=\"twitter:data1\" content=\"Mihajlo Piper\" \/>\n\t<meta name=\"twitter:label2\" content=\"\u041f\u0440\u043e\u0446\u0435\u045a\u0435\u043d\u043e \u0432\u0440\u0435\u043c\u0435 \u0447\u0438\u0442\u0430\u045a\u0430\" \/>\n\t<meta name=\"twitter:data2\" content=\"1 \u043c\u0438\u043d\u0443\u0442\" \/>\n<script type=\"application\/ld+json\" class=\"yoast-schema-graph\">{\"@context\":\"https:\/\/schema.org\",\"@graph\":[{\"@type\":\"Article\",\"@id\":\"https:\/\/serbiaopen.org\/sr\/vesti\/nisam-usao-sa-puno-ocekivanja-u-ovu-nedelju-bilo-je-lepo-u-finalu\/#article\",\"isPartOf\":{\"@id\":\"https:\/\/serbiaopen.org\/sr\/vesti\/nisam-usao-sa-puno-ocekivanja-u-ovu-nedelju-bilo-je-lepo-u-finalu\/\"},\"author\":{\"name\":\"Mihajlo Piper\",\"@id\":\"https:\/\/serbiaopen.org\/sr\/#\/schema\/person\/a471fa35bec880a852d17346ae9a8c7e\"},\"headline\":\"Nisam u\u0161ao sa puno o\u010dekivanja u ovu nedelju, bilo je lepo u finalu\",\"datePublished\":\"2024-11-09T17:50:13+00:00\",\"dateModified\":\"2024-11-09T17:50:13+00:00\",\"mainEntityOfPage\":{\"@id\":\"https:\/\/serbiaopen.org\/sr\/vesti\/nisam-usao-sa-puno-ocekivanja-u-ovu-nedelju-bilo-je-lepo-u-finalu\/\"},\"wordCount\":331,\"publisher\":{\"@id\":\"https:\/\/serbiaopen.org\/sr\/#organization\"},\"image\":{\"@id\":\"https:\/\/serbiaopen.org\/sr\/vesti\/nisam-usao-sa-puno-ocekivanja-u-ovu-nedelju-bilo-je-lepo-u-finalu\/#primaryimage\"},\"thumbnailUrl\":\"https:\/\/serbiaopen.org\/wp-content\/uploads\/2024\/11\/TRAW0071-scaled.jpg\",\"articleSection\":[\"Vesti\"],\"inLanguage\":\"sr-RS\"},{\"@type\":\"WebPage\",\"@id\":\"https:\/\/serbiaopen.org\/sr\/vesti\/nisam-usao-sa-puno-ocekivanja-u-ovu-nedelju-bilo-je-lepo-u-finalu\/\",\"url\":\"https:\/\/serbiaopen.org\/sr\/vesti\/nisam-usao-sa-puno-ocekivanja-u-ovu-nedelju-bilo-je-lepo-u-finalu\/\",\"name\":\"Nisam u\u0161ao sa puno o\u010dekivanja u ovu nedelju, bilo je lepo u finalu - Belgrade Open\",\"isPartOf\":{\"@id\":\"https:\/\/serbiaopen.org\/sr\/#website\"},\"primaryImageOfPage\":{\"@id\":\"https:\/\/serbiaopen.org\/sr\/vesti\/nisam-usao-sa-puno-ocekivanja-u-ovu-nedelju-bilo-je-lepo-u-finalu\/#primaryimage\"},\"image\":{\"@id\":\"https:\/\/serbiaopen.org\/sr\/vesti\/nisam-usao-sa-puno-ocekivanja-u-ovu-nedelju-bilo-je-lepo-u-finalu\/#primaryimage\"},\"thumbnailUrl\":\"https:\/\/serbiaopen.org\/wp-content\/uploads\/2024\/11\/TRAW0071-scaled.jpg\",\"datePublished\":\"2024-11-09T17:50:13+00:00\",\"dateModified\":\"2024-11-09T17:50:13+00:00\",\"breadcrumb\":{\"@id\":\"https:\/\/serbiaopen.org\/sr\/vesti\/nisam-usao-sa-puno-ocekivanja-u-ovu-nedelju-bilo-je-lepo-u-finalu\/#breadcrumb\"},\"inLanguage\":\"sr-RS\",\"potentialAction\":[{\"@type\":\"ReadAction\",\"target\":[\"https:\/\/serbiaopen.org\/sr\/vesti\/nisam-usao-sa-puno-ocekivanja-u-ovu-nedelju-bilo-je-lepo-u-finalu\/\"]}]},{\"@type\":\"ImageObject\",\"inLanguage\":\"sr-RS\",\"@id\":\"https:\/\/serbiaopen.org\/sr\/vesti\/nisam-usao-sa-puno-ocekivanja-u-ovu-nedelju-bilo-je-lepo-u-finalu\/#primaryimage\",\"url\":\"https:\/\/serbiaopen.org\/wp-content\/uploads\/2024\/11\/TRAW0071-scaled.jpg\",\"contentUrl\":\"https:\/\/serbiaopen.org\/wp-content\/uploads\/2024\/11\/TRAW0071-scaled.jpg\",\"width\":2560,\"height\":1708},{\"@type\":\"BreadcrumbList\",\"@id\":\"https:\/\/serbiaopen.org\/sr\/vesti\/nisam-usao-sa-puno-ocekivanja-u-ovu-nedelju-bilo-je-lepo-u-finalu\/#breadcrumb\",\"itemListElement\":[{\"@type\":\"ListItem\",\"position\":1,\"name\":\"Home\",\"item\":\"https:\/\/serbiaopen.org\/sr\/\"},{\"@type\":\"ListItem\",\"position\":2,\"name\":\"Nisam u\u0161ao sa puno o\u010dekivanja u ovu nedelju, bilo je lepo u finalu\"}]},{\"@type\":\"WebSite\",\"@id\":\"https:\/\/serbiaopen.org\/sr\/#website\",\"url\":\"https:\/\/serbiaopen.org\/sr\/\",\"name\":\"Belgrade Open 2024\",\"description\":\"ATP Turnir 250\",\"publisher\":{\"@id\":\"https:\/\/serbiaopen.org\/sr\/#organization\"},\"potentialAction\":[{\"@type\":\"SearchAction\",\"target\":{\"@type\":\"EntryPoint\",\"urlTemplate\":\"https:\/\/serbiaopen.org\/sr\/?s={search_term_string}\"},\"query-input\":{\"@type\":\"PropertyValueSpecification\",\"valueRequired\":true,\"valueName\":\"search_term_string\"}}],\"inLanguage\":\"sr-RS\"},{\"@type\":\"Organization\",\"@id\":\"https:\/\/serbiaopen.org\/sr\/#organization\",\"name\":\"Belgrade Open 2024\",\"url\":\"https:\/\/serbiaopen.org\/sr\/\",\"logo\":{\"@type\":\"ImageObject\",\"inLanguage\":\"sr-RS\",\"@id\":\"https:\/\/serbiaopen.org\/sr\/#\/schema\/logo\/image\/\",\"url\":\"https:\/\/serbiaopen.org\/wp-content\/uploads\/2024\/10\/card.png\",\"contentUrl\":\"https:\/\/serbiaopen.org\/wp-content\/uploads\/2024\/10\/card.png\",\"width\":1920,\"height\":1080,\"caption\":\"Belgrade Open 2024\"},\"image\":{\"@id\":\"https:\/\/serbiaopen.org\/sr\/#\/schema\/logo\/image\/\"},\"sameAs\":[\"https:\/\/www.facebook.com\/serbiaopenofficial\"]},{\"@type\":\"Person\",\"@id\":\"https:\/\/serbiaopen.org\/sr\/#\/schema\/person\/a471fa35bec880a852d17346ae9a8c7e\",\"name\":\"Mihajlo Piper\",\"url\":\"https:\/\/serbiaopen.org\/sr\/author\/mihajlo-piper\/\"}]}<\/script>\n<!-- \/ Yoast SEO plugin. -->","yoast_head_json":{"title":"Nisam u\u0161ao sa puno o\u010dekivanja u ovu nedelju, bilo je lepo u finalu - Belgrade Open","robots":{"index":"index","follow":"follow","max-snippet":"max-snippet:-1","max-image-preview":"max-image-preview:large","max-video-preview":"max-video-preview:-1"},"canonical":"https:\/\/serbiaopen.org\/sr\/vesti\/nisam-usao-sa-puno-ocekivanja-u-ovu-nedelju-bilo-je-lepo-u-finalu\/","og_locale":"sr_RS","og_type":"article","og_title":"Nisam u\u0161ao sa puno o\u010dekivanja u ovu nedelju, bilo je lepo u finalu - Belgrade Open","og_description":"Hamad Me\u0111edovi\u0107 nije imao sre\u0107e u svom prvom ATP finalu, [&hellip;]","og_url":"https:\/\/serbiaopen.org\/sr\/vesti\/nisam-usao-sa-puno-ocekivanja-u-ovu-nedelju-bilo-je-lepo-u-finalu\/","og_site_name":"Belgrade Open","article_publisher":"https:\/\/www.facebook.com\/serbiaopenofficial","article_published_time":"2024-11-09T17:50:13+00:00","og_image":[{"width":2560,"height":1708,"url":"https:\/\/serbiaopen.org\/wp-content\/uploads\/2024\/11\/TRAW0071-scaled.jpg","type":"image\/jpeg"}],"author":"Mihajlo Piper","twitter_card":"summary_large_image","twitter_misc":{"\u041d\u0430\u043f\u0438\u0441\u0430\u043d\u043e \u043e\u0434":"Mihajlo Piper","\u041f\u0440\u043e\u0446\u0435\u045a\u0435\u043d\u043e \u0432\u0440\u0435\u043c\u0435 \u0447\u0438\u0442\u0430\u045a\u0430":"1 \u043c\u0438\u043d\u0443\u0442"},"schema":{"@context":"https:\/\/schema.org","@graph":[{"@type":"Article","@id":"https:\/\/serbiaopen.org\/sr\/vesti\/nisam-usao-sa-puno-ocekivanja-u-ovu-nedelju-bilo-je-lepo-u-finalu\/#article","isPartOf":{"@id":"https:\/\/serbiaopen.org\/sr\/vesti\/nisam-usao-sa-puno-ocekivanja-u-ovu-nedelju-bilo-je-lepo-u-finalu\/"},"author":{"name":"Mihajlo Piper","@id":"https:\/\/serbiaopen.org\/sr\/#\/schema\/person\/a471fa35bec880a852d17346ae9a8c7e"},"headline":"Nisam u\u0161ao sa puno o\u010dekivanja u ovu nedelju, bilo je lepo u finalu","datePublished":"2024-11-09T17:50:13+00:00","dateModified":"2024-11-09T17:50:13+00:00","mainEntityOfPage":{"@id":"https:\/\/serbiaopen.org\/sr\/vesti\/nisam-usao-sa-puno-ocekivanja-u-ovu-nedelju-bilo-je-lepo-u-finalu\/"},"wordCount":331,"publisher":{"@id":"https:\/\/serbiaopen.org\/sr\/#organization"},"image":{"@id":"https:\/\/serbiaopen.org\/sr\/vesti\/nisam-usao-sa-puno-ocekivanja-u-ovu-nedelju-bilo-je-lepo-u-finalu\/#primaryimage"},"thumbnailUrl":"https:\/\/serbiaopen.org\/wp-content\/uploads\/2024\/11\/TRAW0071-scaled.jpg","articleSection":["Vesti"],"inLanguage":"sr-RS"},{"@type":"WebPage","@id":"https:\/\/serbiaopen.org\/sr\/vesti\/nisam-usao-sa-puno-ocekivanja-u-ovu-nedelju-bilo-je-lepo-u-finalu\/","url":"https:\/\/serbiaopen.org\/sr\/vesti\/nisam-usao-sa-puno-ocekivanja-u-ovu-nedelju-bilo-je-lepo-u-finalu\/","name":"Nisam u\u0161ao sa puno o\u010dekivanja u ovu nedelju, bilo je lepo u finalu - Belgrade Open","isPartOf":{"@id":"https:\/\/serbiaopen.org\/sr\/#website"},"primaryImageOfPage":{"@id":"https:\/\/serbiaopen.org\/sr\/vesti\/nisam-usao-sa-puno-ocekivanja-u-ovu-nedelju-bilo-je-lepo-u-finalu\/#primaryimage"},"image":{"@id":"https:\/\/serbiaopen.org\/sr\/vesti\/nisam-usao-sa-puno-ocekivanja-u-ovu-nedelju-bilo-je-lepo-u-finalu\/#primaryimage"},"thumbnailUrl":"https:\/\/serbiaopen.org\/wp-content\/uploads\/2024\/11\/TRAW0071-scaled.jpg","datePublished":"2024-11-09T17:50:13+00:00","dateModified":"2024-11-09T17:50:13+00:00","breadcrumb":{"@id":"https:\/\/serbiaopen.org\/sr\/vesti\/nisam-usao-sa-puno-ocekivanja-u-ovu-nedelju-bilo-je-lepo-u-finalu\/#breadcrumb"},"inLanguage":"sr-RS","potentialAction":[{"@type":"ReadAction","target":["https:\/\/serbiaopen.org\/sr\/vesti\/nisam-usao-sa-puno-ocekivanja-u-ovu-nedelju-bilo-je-lepo-u-finalu\/"]}]},{"@type":"ImageObject","inLanguage":"sr-RS","@id":"https:\/\/serbiaopen.org\/sr\/vesti\/nisam-usao-sa-puno-ocekivanja-u-ovu-nedelju-bilo-je-lepo-u-finalu\/#primaryimage","url":"https:\/\/serbiaopen.org\/wp-content\/uploads\/2024\/11\/TRAW0071-scaled.jpg","contentUrl":"https:\/\/serbiaopen.org\/wp-content\/uploads\/2024\/11\/TRAW0071-scaled.jpg","width":2560,"height":1708},{"@type":"BreadcrumbList","@id":"https:\/\/serbiaopen.org\/sr\/vesti\/nisam-usao-sa-puno-ocekivanja-u-ovu-nedelju-bilo-je-lepo-u-finalu\/#breadcrumb","itemListElement":[{"@type":"ListItem","position":1,"name":"Home","item":"https:\/\/serbiaopen.org\/sr\/"},{"@type":"ListItem","position":2,"name":"Nisam u\u0161ao sa puno o\u010dekivanja u ovu nedelju, bilo je lepo u finalu"}]},{"@type":"WebSite","@id":"https:\/\/serbiaopen.org\/sr\/#website","url":"https:\/\/serbiaopen.org\/sr\/","name":"Belgrade Open 2024","description":"ATP Turnir 250","publisher":{"@id":"https:\/\/serbiaopen.org\/sr\/#organization"},"potentialAction":[{"@type":"SearchAction","target":{"@type":"EntryPoint","urlTemplate":"https:\/\/serbiaopen.org\/sr\/?s={search_term_string}"},"query-input":{"@type":"PropertyValueSpecification","valueRequired":true,"valueName":"search_term_string"}}],"inLanguage":"sr-RS"},{"@type":"Organization","@id":"https:\/\/serbiaopen.org\/sr\/#organization","name":"Belgrade Open 2024","url":"https:\/\/serbiaopen.org\/sr\/","logo":{"@type":"ImageObject","inLanguage":"sr-RS","@id":"https:\/\/serbiaopen.org\/sr\/#\/schema\/logo\/image\/","url":"https:\/\/serbiaopen.org\/wp-content\/uploads\/2024\/10\/card.png","contentUrl":"https:\/\/serbiaopen.org\/wp-content\/uploads\/2024\/10\/card.png","width":1920,"height":1080,"caption":"Belgrade Open 2024"},"image":{"@id":"https:\/\/serbiaopen.org\/sr\/#\/schema\/logo\/image\/"},"sameAs":["https:\/\/www.facebook.com\/serbiaopenofficial"]},{"@type":"Person","@id":"https:\/\/serbiaopen.org\/sr\/#\/schema\/person\/a471fa35bec880a852d17346ae9a8c7e","name":"Mihajlo Piper","url":"https:\/\/serbiaopen.org\/sr\/author\/mihajlo-piper\/"}]}},"_links":{"self":[{"href":"https:\/\/serbiaopen.org\/sr\/wp-json\/wp\/v2\/posts\/5713"}],"collection":[{"href":"https:\/\/serbiaopen.org\/sr\/wp-json\/wp\/v2\/posts"}],"about":[{"href":"https:\/\/serbiaopen.org\/sr\/wp-json\/wp\/v2\/types\/post"}],"author":[{"embeddable":true,"href":"https:\/\/serbiaopen.org\/sr\/wp-json\/wp\/v2\/users\/6"}],"replies":[{"embeddable":true,"href":"https:\/\/serbiaopen.org\/sr\/wp-json\/wp\/v2\/comments?post=5713"}],"version-history":[{"count":1,"href":"https:\/\/serbiaopen.org\/sr\/wp-json\/wp\/v2\/posts\/5713\/revisions"}],"predecessor-version":[{"id":5718,"href":"https:\/\/serbiaopen.org\/sr\/wp-json\/wp\/v2\/posts\/5713\/revisions\/5718"}],"wp:featuredmedia":[{"embeddable":true,"href":"https:\/\/serbiaopen.org\/sr\/wp-json\/wp\/v2\/media\/5715"}],"wp:attachment":[{"href":"https:\/\/serbiaopen.org\/sr\/wp-json\/wp\/v2\/media?parent=5713"}],"wp:term":[{"taxonomy":"category","embeddable":true,"href":"https:\/\/serbiaopen.org\/sr\/wp-json\/wp\/v2\/categories?post=5713"},{"taxonomy":"post_tag","embeddable":true,"href":"https:\/\/serbiaopen.org\/sr\/wp-json\/wp\/v2\/tags?post=5713"}],"curies":[{"name":"wp","href":"https:\/\/api.w.org\/{rel}","templated":true}]}}