{"id":5450,"date":"2024-11-09T12:21:24","date_gmt":"2024-11-09T11:21:24","guid":{"rendered":"https:\/\/serbiaopen.org\/?p=5450"},"modified":"2024-11-09T12:30:17","modified_gmt":"2024-11-09T11:30:17","slug":"zimonjic-sjajna-organizacija","status":"publish","type":"post","link":"https:\/\/serbiaopen.org\/sr\/vesti\/zimonjic-sjajna-organizacija\/","title":{"rendered":"Zimonji\u0107: Sjajna organizacija"},"content":{"rendered":"<p>Nenad Zimonji\u0107, nekada\u0161nji selektor Dejvis kup selekcije Srbije, od prvog dana je uz srpske igra\u010de na turniru Belgrade Open. U dana\u0161njem finalu \u0107e navijati za Me\u0111edovi\u0107a protiv \u0160apovalova. U srpskom polufinalu Hamad je pobedio Lasla \u0110erea sa 2:1.<\/p>\n<p>&#8222;Sjajna ogranizacija, \u0110or\u0111e \u0110okovi\u0107 je sa svojim timom pokazao iskustvo ste\u010deno iz prethodnih turnira koje su organizovali i to je sigurno doprinelo ovom turniru. Prvi put smo videli dva terena u Areni, lepo je sve spakovano, a sa druge strane ovo je sjajna \u0161ansa za na\u0161e tenisere koju su maksimalno iskoristili&#8220;, rekao je Zimonji\u0107.<\/p>\n<p>Pohvalio je Zimonji\u0107 i u\u010dinak srpskih tenisera.<\/p>\n<p>&#8222;Hamad je u finalu, a \u0110ere je stigao do polufinala i sezone koje im nisu bile ba\u0161 najbolje, su uspeli da zavr\u0161e na pozitivan na\u010din&#8220;.<\/p>\n<p>Ipak, Zimonji\u0107 daje malo ve\u0107e \u0161anse Kana\u0111aninu pred dana\u0161nje finale.<\/p>\n<p>&#8222;Favorit je \u0160apovalov, ali sve je mogu\u0107e jer je finale u pitanju. Nije ni Denis osvajao puno turnira, a Hamadu je ovo prvo finale, igra\u0107e pred doma\u0107om publikom, ima\u0107e veliku podr\u0161ku, i \u00a0mlad je, oporavi\u0107e se sutra do 15 \u010dasova nakon izuzetno te\u0161kog me\u010da protiv \u0110erea&#8220;.<\/p>\n<p>Osvrnuo se Zimonji\u0107 i na ono \u0161to njega o\u010dekuje u narednom periodu.<\/p>\n<p>&#8222;Tra\u017eim neki anga\u017eman kao trener, sad bih mogao malo vi\u0161e da putujem, tako da to je ne\u0161to \u0161to bih voleo&#8220;, objasnio je Zimonji\u0107.<\/p>\n","protected":false},"excerpt":{"rendered":"<p>Nenad Zimonji\u0107, nekada\u0161nji selektor Dejvis kup selekcije Srbije, od prvog [&hellip;]<\/p>\n","protected":false},"author":6,"featured_media":5451,"comment_status":"closed","ping_status":"closed","sticky":false,"template":"","format":"standard","meta":{"_acf_changed":false,"footnotes":""},"categories":[14],"tags":[],"class_list":["post-5450","post","type-post","status-publish","format-standard","has-post-thumbnail","hentry","category-vesti"],"acf":[],"yoast_head":"<!-- This site is optimized with the Yoast SEO plugin v23.7 - https:\/\/yoast.com\/wordpress\/plugins\/seo\/ -->\n<title>Zimonji\u0107: Sjajna organizacija - Belgrade Open<\/title>\n<meta name=\"robots\" content=\"index, follow, max-snippet:-1, max-image-preview:large, max-video-preview:-1\" \/>\n<link rel=\"canonical\" href=\"https:\/\/serbiaopen.org\/sr\/vesti\/zimonjic-sjajna-organizacija\/\" \/>\n<meta property=\"og:locale\" content=\"sr_RS\" \/>\n<meta property=\"og:type\" content=\"article\" \/>\n<meta property=\"og:title\" content=\"Zimonji\u0107: Sjajna organizacija - Belgrade Open\" \/>\n<meta property=\"og:description\" content=\"Nenad Zimonji\u0107, nekada\u0161nji selektor Dejvis kup selekcije Srbije, od prvog [&hellip;]\" \/>\n<meta property=\"og:url\" content=\"https:\/\/serbiaopen.org\/sr\/vesti\/zimonjic-sjajna-organizacija\/\" \/>\n<meta property=\"og:site_name\" content=\"Belgrade Open\" \/>\n<meta property=\"article:publisher\" content=\"https:\/\/www.facebook.com\/serbiaopenofficial\" \/>\n<meta property=\"article:published_time\" content=\"2024-11-09T11:21:24+00:00\" \/>\n<meta property=\"article:modified_time\" content=\"2024-11-09T11:30:17+00:00\" \/>\n<meta property=\"og:image\" content=\"https:\/\/serbiaopen.org\/wp-content\/uploads\/2024\/11\/IMG_8957.jpg\" \/>\n\t<meta property=\"og:image:width\" content=\"2000\" \/>\n\t<meta property=\"og:image:height\" content=\"1450\" \/>\n\t<meta property=\"og:image:type\" content=\"image\/jpeg\" \/>\n<meta name=\"author\" content=\"Mihajlo Piper\" \/>\n<meta name=\"twitter:card\" content=\"summary_large_image\" \/>\n<meta name=\"twitter:label1\" content=\"\u041d\u0430\u043f\u0438\u0441\u0430\u043d\u043e \u043e\u0434\" \/>\n\t<meta name=\"twitter:data1\" content=\"Mihajlo Piper\" \/>\n\t<meta name=\"twitter:label2\" content=\"\u041f\u0440\u043e\u0446\u0435\u045a\u0435\u043d\u043e \u0432\u0440\u0435\u043c\u0435 \u0447\u0438\u0442\u0430\u045a\u0430\" \/>\n\t<meta name=\"twitter:data2\" content=\"2 \u043c\u0438\u043d\u0443\u0442\u0430\" \/>\n<script type=\"application\/ld+json\" class=\"yoast-schema-graph\">{\"@context\":\"https:\/\/schema.org\",\"@graph\":[{\"@type\":\"Article\",\"@id\":\"https:\/\/serbiaopen.org\/sr\/vesti\/zimonjic-sjajna-organizacija\/#article\",\"isPartOf\":{\"@id\":\"https:\/\/serbiaopen.org\/sr\/vesti\/zimonjic-sjajna-organizacija\/\"},\"author\":{\"name\":\"Mihajlo Piper\",\"@id\":\"https:\/\/serbiaopen.org\/sr\/#\/schema\/person\/a471fa35bec880a852d17346ae9a8c7e\"},\"headline\":\"Zimonji\u0107: Sjajna organizacija\",\"datePublished\":\"2024-11-09T11:21:24+00:00\",\"dateModified\":\"2024-11-09T11:30:17+00:00\",\"mainEntityOfPage\":{\"@id\":\"https:\/\/serbiaopen.org\/sr\/vesti\/zimonjic-sjajna-organizacija\/\"},\"wordCount\":243,\"publisher\":{\"@id\":\"https:\/\/serbiaopen.org\/sr\/#organization\"},\"image\":{\"@id\":\"https:\/\/serbiaopen.org\/sr\/vesti\/zimonjic-sjajna-organizacija\/#primaryimage\"},\"thumbnailUrl\":\"https:\/\/serbiaopen.org\/wp-content\/uploads\/2024\/11\/IMG_8957.jpg\",\"articleSection\":[\"Vesti\"],\"inLanguage\":\"sr-RS\"},{\"@type\":\"WebPage\",\"@id\":\"https:\/\/serbiaopen.org\/sr\/vesti\/zimonjic-sjajna-organizacija\/\",\"url\":\"https:\/\/serbiaopen.org\/sr\/vesti\/zimonjic-sjajna-organizacija\/\",\"name\":\"Zimonji\u0107: Sjajna organizacija - Belgrade Open\",\"isPartOf\":{\"@id\":\"https:\/\/serbiaopen.org\/sr\/#website\"},\"primaryImageOfPage\":{\"@id\":\"https:\/\/serbiaopen.org\/sr\/vesti\/zimonjic-sjajna-organizacija\/#primaryimage\"},\"image\":{\"@id\":\"https:\/\/serbiaopen.org\/sr\/vesti\/zimonjic-sjajna-organizacija\/#primaryimage\"},\"thumbnailUrl\":\"https:\/\/serbiaopen.org\/wp-content\/uploads\/2024\/11\/IMG_8957.jpg\",\"datePublished\":\"2024-11-09T11:21:24+00:00\",\"dateModified\":\"2024-11-09T11:30:17+00:00\",\"breadcrumb\":{\"@id\":\"https:\/\/serbiaopen.org\/sr\/vesti\/zimonjic-sjajna-organizacija\/#breadcrumb\"},\"inLanguage\":\"sr-RS\",\"potentialAction\":[{\"@type\":\"ReadAction\",\"target\":[\"https:\/\/serbiaopen.org\/sr\/vesti\/zimonjic-sjajna-organizacija\/\"]}]},{\"@type\":\"ImageObject\",\"inLanguage\":\"sr-RS\",\"@id\":\"https:\/\/serbiaopen.org\/sr\/vesti\/zimonjic-sjajna-organizacija\/#primaryimage\",\"url\":\"https:\/\/serbiaopen.org\/wp-content\/uploads\/2024\/11\/IMG_8957.jpg\",\"contentUrl\":\"https:\/\/serbiaopen.org\/wp-content\/uploads\/2024\/11\/IMG_8957.jpg\",\"width\":2000,\"height\":1450},{\"@type\":\"BreadcrumbList\",\"@id\":\"https:\/\/serbiaopen.org\/sr\/vesti\/zimonjic-sjajna-organizacija\/#breadcrumb\",\"itemListElement\":[{\"@type\":\"ListItem\",\"position\":1,\"name\":\"Home\",\"item\":\"https:\/\/serbiaopen.org\/sr\/\"},{\"@type\":\"ListItem\",\"position\":2,\"name\":\"Zimonji\u0107: Sjajna organizacija\"}]},{\"@type\":\"WebSite\",\"@id\":\"https:\/\/serbiaopen.org\/sr\/#website\",\"url\":\"https:\/\/serbiaopen.org\/sr\/\",\"name\":\"Belgrade Open 2024\",\"description\":\"ATP Turnir 250\",\"publisher\":{\"@id\":\"https:\/\/serbiaopen.org\/sr\/#organization\"},\"potentialAction\":[{\"@type\":\"SearchAction\",\"target\":{\"@type\":\"EntryPoint\",\"urlTemplate\":\"https:\/\/serbiaopen.org\/sr\/?s={search_term_string}\"},\"query-input\":{\"@type\":\"PropertyValueSpecification\",\"valueRequired\":true,\"valueName\":\"search_term_string\"}}],\"inLanguage\":\"sr-RS\"},{\"@type\":\"Organization\",\"@id\":\"https:\/\/serbiaopen.org\/sr\/#organization\",\"name\":\"Belgrade Open 2024\",\"url\":\"https:\/\/serbiaopen.org\/sr\/\",\"logo\":{\"@type\":\"ImageObject\",\"inLanguage\":\"sr-RS\",\"@id\":\"https:\/\/serbiaopen.org\/sr\/#\/schema\/logo\/image\/\",\"url\":\"https:\/\/serbiaopen.org\/wp-content\/uploads\/2024\/10\/card.png\",\"contentUrl\":\"https:\/\/serbiaopen.org\/wp-content\/uploads\/2024\/10\/card.png\",\"width\":1920,\"height\":1080,\"caption\":\"Belgrade Open 2024\"},\"image\":{\"@id\":\"https:\/\/serbiaopen.org\/sr\/#\/schema\/logo\/image\/\"},\"sameAs\":[\"https:\/\/www.facebook.com\/serbiaopenofficial\"]},{\"@type\":\"Person\",\"@id\":\"https:\/\/serbiaopen.org\/sr\/#\/schema\/person\/a471fa35bec880a852d17346ae9a8c7e\",\"name\":\"Mihajlo Piper\",\"url\":\"https:\/\/serbiaopen.org\/sr\/author\/mihajlo-piper\/\"}]}<\/script>\n<!-- \/ Yoast SEO plugin. -->","yoast_head_json":{"title":"Zimonji\u0107: Sjajna organizacija - Belgrade Open","robots":{"index":"index","follow":"follow","max-snippet":"max-snippet:-1","max-image-preview":"max-image-preview:large","max-video-preview":"max-video-preview:-1"},"canonical":"https:\/\/serbiaopen.org\/sr\/vesti\/zimonjic-sjajna-organizacija\/","og_locale":"sr_RS","og_type":"article","og_title":"Zimonji\u0107: Sjajna organizacija - Belgrade Open","og_description":"Nenad Zimonji\u0107, nekada\u0161nji selektor Dejvis kup selekcije Srbije, od prvog [&hellip;]","og_url":"https:\/\/serbiaopen.org\/sr\/vesti\/zimonjic-sjajna-organizacija\/","og_site_name":"Belgrade Open","article_publisher":"https:\/\/www.facebook.com\/serbiaopenofficial","article_published_time":"2024-11-09T11:21:24+00:00","article_modified_time":"2024-11-09T11:30:17+00:00","og_image":[{"width":2000,"height":1450,"url":"https:\/\/serbiaopen.org\/wp-content\/uploads\/2024\/11\/IMG_8957.jpg","type":"image\/jpeg"}],"author":"Mihajlo Piper","twitter_card":"summary_large_image","twitter_misc":{"\u041d\u0430\u043f\u0438\u0441\u0430\u043d\u043e \u043e\u0434":"Mihajlo Piper","\u041f\u0440\u043e\u0446\u0435\u045a\u0435\u043d\u043e \u0432\u0440\u0435\u043c\u0435 \u0447\u0438\u0442\u0430\u045a\u0430":"2 \u043c\u0438\u043d\u0443\u0442\u0430"},"schema":{"@context":"https:\/\/schema.org","@graph":[{"@type":"Article","@id":"https:\/\/serbiaopen.org\/sr\/vesti\/zimonjic-sjajna-organizacija\/#article","isPartOf":{"@id":"https:\/\/serbiaopen.org\/sr\/vesti\/zimonjic-sjajna-organizacija\/"},"author":{"name":"Mihajlo Piper","@id":"https:\/\/serbiaopen.org\/sr\/#\/schema\/person\/a471fa35bec880a852d17346ae9a8c7e"},"headline":"Zimonji\u0107: Sjajna organizacija","datePublished":"2024-11-09T11:21:24+00:00","dateModified":"2024-11-09T11:30:17+00:00","mainEntityOfPage":{"@id":"https:\/\/serbiaopen.org\/sr\/vesti\/zimonjic-sjajna-organizacija\/"},"wordCount":243,"publisher":{"@id":"https:\/\/serbiaopen.org\/sr\/#organization"},"image":{"@id":"https:\/\/serbiaopen.org\/sr\/vesti\/zimonjic-sjajna-organizacija\/#primaryimage"},"thumbnailUrl":"https:\/\/serbiaopen.org\/wp-content\/uploads\/2024\/11\/IMG_8957.jpg","articleSection":["Vesti"],"inLanguage":"sr-RS"},{"@type":"WebPage","@id":"https:\/\/serbiaopen.org\/sr\/vesti\/zimonjic-sjajna-organizacija\/","url":"https:\/\/serbiaopen.org\/sr\/vesti\/zimonjic-sjajna-organizacija\/","name":"Zimonji\u0107: Sjajna organizacija - Belgrade Open","isPartOf":{"@id":"https:\/\/serbiaopen.org\/sr\/#website"},"primaryImageOfPage":{"@id":"https:\/\/serbiaopen.org\/sr\/vesti\/zimonjic-sjajna-organizacija\/#primaryimage"},"image":{"@id":"https:\/\/serbiaopen.org\/sr\/vesti\/zimonjic-sjajna-organizacija\/#primaryimage"},"thumbnailUrl":"https:\/\/serbiaopen.org\/wp-content\/uploads\/2024\/11\/IMG_8957.jpg","datePublished":"2024-11-09T11:21:24+00:00","dateModified":"2024-11-09T11:30:17+00:00","breadcrumb":{"@id":"https:\/\/serbiaopen.org\/sr\/vesti\/zimonjic-sjajna-organizacija\/#breadcrumb"},"inLanguage":"sr-RS","potentialAction":[{"@type":"ReadAction","target":["https:\/\/serbiaopen.org\/sr\/vesti\/zimonjic-sjajna-organizacija\/"]}]},{"@type":"ImageObject","inLanguage":"sr-RS","@id":"https:\/\/serbiaopen.org\/sr\/vesti\/zimonjic-sjajna-organizacija\/#primaryimage","url":"https:\/\/serbiaopen.org\/wp-content\/uploads\/2024\/11\/IMG_8957.jpg","contentUrl":"https:\/\/serbiaopen.org\/wp-content\/uploads\/2024\/11\/IMG_8957.jpg","width":2000,"height":1450},{"@type":"BreadcrumbList","@id":"https:\/\/serbiaopen.org\/sr\/vesti\/zimonjic-sjajna-organizacija\/#breadcrumb","itemListElement":[{"@type":"ListItem","position":1,"name":"Home","item":"https:\/\/serbiaopen.org\/sr\/"},{"@type":"ListItem","position":2,"name":"Zimonji\u0107: Sjajna organizacija"}]},{"@type":"WebSite","@id":"https:\/\/serbiaopen.org\/sr\/#website","url":"https:\/\/serbiaopen.org\/sr\/","name":"Belgrade Open 2024","description":"ATP Turnir 250","publisher":{"@id":"https:\/\/serbiaopen.org\/sr\/#organization"},"potentialAction":[{"@type":"SearchAction","target":{"@type":"EntryPoint","urlTemplate":"https:\/\/serbiaopen.org\/sr\/?s={search_term_string}"},"query-input":{"@type":"PropertyValueSpecification","valueRequired":true,"valueName":"search_term_string"}}],"inLanguage":"sr-RS"},{"@type":"Organization","@id":"https:\/\/serbiaopen.org\/sr\/#organization","name":"Belgrade Open 2024","url":"https:\/\/serbiaopen.org\/sr\/","logo":{"@type":"ImageObject","inLanguage":"sr-RS","@id":"https:\/\/serbiaopen.org\/sr\/#\/schema\/logo\/image\/","url":"https:\/\/serbiaopen.org\/wp-content\/uploads\/2024\/10\/card.png","contentUrl":"https:\/\/serbiaopen.org\/wp-content\/uploads\/2024\/10\/card.png","width":1920,"height":1080,"caption":"Belgrade Open 2024"},"image":{"@id":"https:\/\/serbiaopen.org\/sr\/#\/schema\/logo\/image\/"},"sameAs":["https:\/\/www.facebook.com\/serbiaopenofficial"]},{"@type":"Person","@id":"https:\/\/serbiaopen.org\/sr\/#\/schema\/person\/a471fa35bec880a852d17346ae9a8c7e","name":"Mihajlo Piper","url":"https:\/\/serbiaopen.org\/sr\/author\/mihajlo-piper\/"}]}},"_links":{"self":[{"href":"https:\/\/serbiaopen.org\/sr\/wp-json\/wp\/v2\/posts\/5450"}],"collection":[{"href":"https:\/\/serbiaopen.org\/sr\/wp-json\/wp\/v2\/posts"}],"about":[{"href":"https:\/\/serbiaopen.org\/sr\/wp-json\/wp\/v2\/types\/post"}],"author":[{"embeddable":true,"href":"https:\/\/serbiaopen.org\/sr\/wp-json\/wp\/v2\/users\/6"}],"replies":[{"embeddable":true,"href":"https:\/\/serbiaopen.org\/sr\/wp-json\/wp\/v2\/comments?post=5450"}],"version-history":[{"count":5,"href":"https:\/\/serbiaopen.org\/sr\/wp-json\/wp\/v2\/posts\/5450\/revisions"}],"predecessor-version":[{"id":5457,"href":"https:\/\/serbiaopen.org\/sr\/wp-json\/wp\/v2\/posts\/5450\/revisions\/5457"}],"wp:featuredmedia":[{"embeddable":true,"href":"https:\/\/serbiaopen.org\/sr\/wp-json\/wp\/v2\/media\/5451"}],"wp:attachment":[{"href":"https:\/\/serbiaopen.org\/sr\/wp-json\/wp\/v2\/media?parent=5450"}],"wp:term":[{"taxonomy":"category","embeddable":true,"href":"https:\/\/serbiaopen.org\/sr\/wp-json\/wp\/v2\/categories?post=5450"},{"taxonomy":"post_tag","embeddable":true,"href":"https:\/\/serbiaopen.org\/sr\/wp-json\/wp\/v2\/tags?post=5450"}],"curies":[{"name":"wp","href":"https:\/\/api.w.org\/{rel}","templated":true}]}}