{"id":5340,"date":"2024-11-08T19:44:18","date_gmt":"2024-11-08T18:44:18","guid":{"rendered":"https:\/\/serbiaopen.org\/?p=5340"},"modified":"2024-11-09T15:32:56","modified_gmt":"2024-11-09T14:32:56","slug":"lep-ali-i-bolan-momenat-za-derea","status":"publish","type":"post","link":"https:\/\/serbiaopen.org\/sr\/vesti\/lep-ali-i-bolan-momenat-za-derea\/","title":{"rendered":"Lep, ali i bolan momenat za \u0110erea"},"content":{"rendered":"<p>Laslo \u0110ere ispustio je prilku da se bori za tre\u0107u ATP titulu u karijeri. U sjajnom polufinalu njega je savladao Hamad Me\u0111edovivi\u0107 sa 6:2,3:6,7:6, posle dva sata i 27 minuta igre.<\/p>\n<p>&#8222;Ne znam \u0161ta je presudilo, ali bilo je jako blizu. Hamad je po\u010deo me\u010d neverovatno. U prvom setu je odigrao bez gre\u0161ke sve do 3:2 u drugom. Tada sam ja po\u010deo bolje da igram, pribli\u017eio sam se liniji, bio sam agresivniji. Tre\u0107i set smo odigrali odli\u010dno, dobro smo servirali. Eto, par lopti je presudilo&#8220;, objasnio je \u0110ere.<\/p>\n<p>Da li u ovom porazu mo\u017eete da vidite ne\u0161to pozitivno?<\/p>\n<p>&#8222;Ne znam sklon sam tome da uvek na\u0111em neku negativnu stvar. Svestan sam da ima mnogo pozitvnih, ali posle ovako izgubljenog me\u010da ni\u0161ta me ne zanima.<\/p>\n<p>Hamad je imao gr\u010deve u drugom setu, tra\u017eio je i medicinski tajm-aut, da li vas je to poremetilo?<\/p>\n<p>&#8222;Mo\u017ee sve to da uti\u010de, ali nije. U tre\u0107em setu nije se videlo da postoji neki problem. Pre toga se videlo se ose\u0107a lo\u0161e jer je i slabije servirao u ostatku dugog seta. Ipak, na moja dva servis gema mogao sam ba\u0161 da se borim. \u010cak i tada je igrao dobar tenis. Nisam ni znao \u0161ta se de\u0161ava, sudija i supervizor mi ni\u0161ta nisu rekli. Znam da ne treba da se fokusiram na njega jer mo\u017ee da odvu\u010de pa\u017enju, ali.. Video sam da mu je muka, ako se povredi\u0161 te\u0161ko da mo\u017ee da ti bude bolje. Kad ti nije dobro, mo\u017ee posle da ti bude bolje. De\u0161avalo se to i meni. Nije me me\u0111utim to poremetilo.<\/p>\n<p>\u0160ta ste Me\u0111edovi\u0107u rekli posle me\u010d?<\/p>\n<p>&#8222;Rekao sam mu: Bravo, zalsu\u017ei si, sre\u0107no. Na kraju smo se zagrlili. Lep momenat, ali i bolan za mene&#8220;, zaklju\u010dio je \u0110ere.<\/p>\n","protected":false},"excerpt":{"rendered":"<p>Laslo \u0110ere ispustio je prilku da se bori za tre\u0107u [&hellip;]<\/p>\n","protected":false},"author":4,"featured_media":5341,"comment_status":"closed","ping_status":"closed","sticky":false,"template":"","format":"standard","meta":{"_acf_changed":false,"footnotes":""},"categories":[14],"tags":[],"class_list":["post-5340","post","type-post","status-publish","format-standard","has-post-thumbnail","hentry","category-vesti"],"acf":[],"yoast_head":"<!-- This site is optimized with the Yoast SEO plugin v23.7 - https:\/\/yoast.com\/wordpress\/plugins\/seo\/ -->\n<title>Lep, ali i bolan momenat za \u0110erea - Belgrade Open<\/title>\n<meta name=\"robots\" content=\"index, follow, max-snippet:-1, max-image-preview:large, max-video-preview:-1\" \/>\n<link rel=\"canonical\" href=\"https:\/\/serbiaopen.org\/sr\/vesti\/lep-ali-i-bolan-momenat-za-derea\/\" \/>\n<meta property=\"og:locale\" content=\"sr_RS\" \/>\n<meta property=\"og:type\" content=\"article\" \/>\n<meta property=\"og:title\" content=\"Lep, ali i bolan momenat za \u0110erea - Belgrade Open\" \/>\n<meta property=\"og:description\" content=\"Laslo \u0110ere ispustio je prilku da se bori za tre\u0107u [&hellip;]\" \/>\n<meta property=\"og:url\" content=\"https:\/\/serbiaopen.org\/sr\/vesti\/lep-ali-i-bolan-momenat-za-derea\/\" \/>\n<meta property=\"og:site_name\" content=\"Belgrade Open\" \/>\n<meta property=\"article:publisher\" content=\"https:\/\/www.facebook.com\/serbiaopenofficial\" \/>\n<meta property=\"article:published_time\" content=\"2024-11-08T18:44:18+00:00\" \/>\n<meta property=\"article:modified_time\" content=\"2024-11-09T14:32:56+00:00\" \/>\n<meta property=\"og:image\" content=\"https:\/\/serbiaopen.org\/wp-content\/uploads\/2024\/11\/317A8829-1.jpg\" \/>\n\t<meta property=\"og:image:width\" content=\"1633\" \/>\n\t<meta property=\"og:image:height\" content=\"1168\" \/>\n\t<meta property=\"og:image:type\" content=\"image\/jpeg\" \/>\n<meta name=\"author\" content=\"Tijana Djordjevic\" \/>\n<meta name=\"twitter:card\" content=\"summary_large_image\" \/>\n<meta name=\"twitter:label1\" content=\"\u041d\u0430\u043f\u0438\u0441\u0430\u043d\u043e \u043e\u0434\" \/>\n\t<meta name=\"twitter:data1\" content=\"Tijana Djordjevic\" \/>\n\t<meta name=\"twitter:label2\" content=\"\u041f\u0440\u043e\u0446\u0435\u045a\u0435\u043d\u043e \u0432\u0440\u0435\u043c\u0435 \u0447\u0438\u0442\u0430\u045a\u0430\" \/>\n\t<meta name=\"twitter:data2\" content=\"2 \u043c\u0438\u043d\u0443\u0442\u0430\" \/>\n<script type=\"application\/ld+json\" class=\"yoast-schema-graph\">{\"@context\":\"https:\/\/schema.org\",\"@graph\":[{\"@type\":\"Article\",\"@id\":\"https:\/\/serbiaopen.org\/sr\/vesti\/lep-ali-i-bolan-momenat-za-derea\/#article\",\"isPartOf\":{\"@id\":\"https:\/\/serbiaopen.org\/sr\/vesti\/lep-ali-i-bolan-momenat-za-derea\/\"},\"author\":{\"name\":\"Tijana Djordjevic\",\"@id\":\"https:\/\/serbiaopen.org\/sr\/#\/schema\/person\/491bb56af5f7cbe15a61c2d2d05c258f\"},\"headline\":\"Lep, ali i bolan momenat za \u0110erea\",\"datePublished\":\"2024-11-08T18:44:18+00:00\",\"dateModified\":\"2024-11-09T14:32:56+00:00\",\"mainEntityOfPage\":{\"@id\":\"https:\/\/serbiaopen.org\/sr\/vesti\/lep-ali-i-bolan-momenat-za-derea\/\"},\"wordCount\":325,\"publisher\":{\"@id\":\"https:\/\/serbiaopen.org\/sr\/#organization\"},\"image\":{\"@id\":\"https:\/\/serbiaopen.org\/sr\/vesti\/lep-ali-i-bolan-momenat-za-derea\/#primaryimage\"},\"thumbnailUrl\":\"https:\/\/serbiaopen.org\/wp-content\/uploads\/2024\/11\/317A8829-1.jpg\",\"articleSection\":[\"Vesti\"],\"inLanguage\":\"sr-RS\"},{\"@type\":\"WebPage\",\"@id\":\"https:\/\/serbiaopen.org\/sr\/vesti\/lep-ali-i-bolan-momenat-za-derea\/\",\"url\":\"https:\/\/serbiaopen.org\/sr\/vesti\/lep-ali-i-bolan-momenat-za-derea\/\",\"name\":\"Lep, ali i bolan momenat za \u0110erea - Belgrade Open\",\"isPartOf\":{\"@id\":\"https:\/\/serbiaopen.org\/sr\/#website\"},\"primaryImageOfPage\":{\"@id\":\"https:\/\/serbiaopen.org\/sr\/vesti\/lep-ali-i-bolan-momenat-za-derea\/#primaryimage\"},\"image\":{\"@id\":\"https:\/\/serbiaopen.org\/sr\/vesti\/lep-ali-i-bolan-momenat-za-derea\/#primaryimage\"},\"thumbnailUrl\":\"https:\/\/serbiaopen.org\/wp-content\/uploads\/2024\/11\/317A8829-1.jpg\",\"datePublished\":\"2024-11-08T18:44:18+00:00\",\"dateModified\":\"2024-11-09T14:32:56+00:00\",\"breadcrumb\":{\"@id\":\"https:\/\/serbiaopen.org\/sr\/vesti\/lep-ali-i-bolan-momenat-za-derea\/#breadcrumb\"},\"inLanguage\":\"sr-RS\",\"potentialAction\":[{\"@type\":\"ReadAction\",\"target\":[\"https:\/\/serbiaopen.org\/sr\/vesti\/lep-ali-i-bolan-momenat-za-derea\/\"]}]},{\"@type\":\"ImageObject\",\"inLanguage\":\"sr-RS\",\"@id\":\"https:\/\/serbiaopen.org\/sr\/vesti\/lep-ali-i-bolan-momenat-za-derea\/#primaryimage\",\"url\":\"https:\/\/serbiaopen.org\/wp-content\/uploads\/2024\/11\/317A8829-1.jpg\",\"contentUrl\":\"https:\/\/serbiaopen.org\/wp-content\/uploads\/2024\/11\/317A8829-1.jpg\",\"width\":1633,\"height\":1168},{\"@type\":\"BreadcrumbList\",\"@id\":\"https:\/\/serbiaopen.org\/sr\/vesti\/lep-ali-i-bolan-momenat-za-derea\/#breadcrumb\",\"itemListElement\":[{\"@type\":\"ListItem\",\"position\":1,\"name\":\"Home\",\"item\":\"https:\/\/serbiaopen.org\/sr\/\"},{\"@type\":\"ListItem\",\"position\":2,\"name\":\"Lep, ali i bolan momenat za \u0110erea\"}]},{\"@type\":\"WebSite\",\"@id\":\"https:\/\/serbiaopen.org\/sr\/#website\",\"url\":\"https:\/\/serbiaopen.org\/sr\/\",\"name\":\"Belgrade Open 2024\",\"description\":\"ATP Turnir 250\",\"publisher\":{\"@id\":\"https:\/\/serbiaopen.org\/sr\/#organization\"},\"potentialAction\":[{\"@type\":\"SearchAction\",\"target\":{\"@type\":\"EntryPoint\",\"urlTemplate\":\"https:\/\/serbiaopen.org\/sr\/?s={search_term_string}\"},\"query-input\":{\"@type\":\"PropertyValueSpecification\",\"valueRequired\":true,\"valueName\":\"search_term_string\"}}],\"inLanguage\":\"sr-RS\"},{\"@type\":\"Organization\",\"@id\":\"https:\/\/serbiaopen.org\/sr\/#organization\",\"name\":\"Belgrade Open 2024\",\"url\":\"https:\/\/serbiaopen.org\/sr\/\",\"logo\":{\"@type\":\"ImageObject\",\"inLanguage\":\"sr-RS\",\"@id\":\"https:\/\/serbiaopen.org\/sr\/#\/schema\/logo\/image\/\",\"url\":\"https:\/\/serbiaopen.org\/wp-content\/uploads\/2024\/10\/card.png\",\"contentUrl\":\"https:\/\/serbiaopen.org\/wp-content\/uploads\/2024\/10\/card.png\",\"width\":1920,\"height\":1080,\"caption\":\"Belgrade Open 2024\"},\"image\":{\"@id\":\"https:\/\/serbiaopen.org\/sr\/#\/schema\/logo\/image\/\"},\"sameAs\":[\"https:\/\/www.facebook.com\/serbiaopenofficial\"]},{\"@type\":\"Person\",\"@id\":\"https:\/\/serbiaopen.org\/sr\/#\/schema\/person\/491bb56af5f7cbe15a61c2d2d05c258f\",\"name\":\"Tijana Djordjevic\",\"url\":\"https:\/\/serbiaopen.org\/sr\/author\/tijana-djordjevic\/\"}]}<\/script>\n<!-- \/ Yoast SEO plugin. -->","yoast_head_json":{"title":"Lep, ali i bolan momenat za \u0110erea - Belgrade Open","robots":{"index":"index","follow":"follow","max-snippet":"max-snippet:-1","max-image-preview":"max-image-preview:large","max-video-preview":"max-video-preview:-1"},"canonical":"https:\/\/serbiaopen.org\/sr\/vesti\/lep-ali-i-bolan-momenat-za-derea\/","og_locale":"sr_RS","og_type":"article","og_title":"Lep, ali i bolan momenat za \u0110erea - Belgrade Open","og_description":"Laslo \u0110ere ispustio je prilku da se bori za tre\u0107u [&hellip;]","og_url":"https:\/\/serbiaopen.org\/sr\/vesti\/lep-ali-i-bolan-momenat-za-derea\/","og_site_name":"Belgrade Open","article_publisher":"https:\/\/www.facebook.com\/serbiaopenofficial","article_published_time":"2024-11-08T18:44:18+00:00","article_modified_time":"2024-11-09T14:32:56+00:00","og_image":[{"width":1633,"height":1168,"url":"https:\/\/serbiaopen.org\/wp-content\/uploads\/2024\/11\/317A8829-1.jpg","type":"image\/jpeg"}],"author":"Tijana Djordjevic","twitter_card":"summary_large_image","twitter_misc":{"\u041d\u0430\u043f\u0438\u0441\u0430\u043d\u043e \u043e\u0434":"Tijana Djordjevic","\u041f\u0440\u043e\u0446\u0435\u045a\u0435\u043d\u043e \u0432\u0440\u0435\u043c\u0435 \u0447\u0438\u0442\u0430\u045a\u0430":"2 \u043c\u0438\u043d\u0443\u0442\u0430"},"schema":{"@context":"https:\/\/schema.org","@graph":[{"@type":"Article","@id":"https:\/\/serbiaopen.org\/sr\/vesti\/lep-ali-i-bolan-momenat-za-derea\/#article","isPartOf":{"@id":"https:\/\/serbiaopen.org\/sr\/vesti\/lep-ali-i-bolan-momenat-za-derea\/"},"author":{"name":"Tijana Djordjevic","@id":"https:\/\/serbiaopen.org\/sr\/#\/schema\/person\/491bb56af5f7cbe15a61c2d2d05c258f"},"headline":"Lep, ali i bolan momenat za \u0110erea","datePublished":"2024-11-08T18:44:18+00:00","dateModified":"2024-11-09T14:32:56+00:00","mainEntityOfPage":{"@id":"https:\/\/serbiaopen.org\/sr\/vesti\/lep-ali-i-bolan-momenat-za-derea\/"},"wordCount":325,"publisher":{"@id":"https:\/\/serbiaopen.org\/sr\/#organization"},"image":{"@id":"https:\/\/serbiaopen.org\/sr\/vesti\/lep-ali-i-bolan-momenat-za-derea\/#primaryimage"},"thumbnailUrl":"https:\/\/serbiaopen.org\/wp-content\/uploads\/2024\/11\/317A8829-1.jpg","articleSection":["Vesti"],"inLanguage":"sr-RS"},{"@type":"WebPage","@id":"https:\/\/serbiaopen.org\/sr\/vesti\/lep-ali-i-bolan-momenat-za-derea\/","url":"https:\/\/serbiaopen.org\/sr\/vesti\/lep-ali-i-bolan-momenat-za-derea\/","name":"Lep, ali i bolan momenat za \u0110erea - Belgrade Open","isPartOf":{"@id":"https:\/\/serbiaopen.org\/sr\/#website"},"primaryImageOfPage":{"@id":"https:\/\/serbiaopen.org\/sr\/vesti\/lep-ali-i-bolan-momenat-za-derea\/#primaryimage"},"image":{"@id":"https:\/\/serbiaopen.org\/sr\/vesti\/lep-ali-i-bolan-momenat-za-derea\/#primaryimage"},"thumbnailUrl":"https:\/\/serbiaopen.org\/wp-content\/uploads\/2024\/11\/317A8829-1.jpg","datePublished":"2024-11-08T18:44:18+00:00","dateModified":"2024-11-09T14:32:56+00:00","breadcrumb":{"@id":"https:\/\/serbiaopen.org\/sr\/vesti\/lep-ali-i-bolan-momenat-za-derea\/#breadcrumb"},"inLanguage":"sr-RS","potentialAction":[{"@type":"ReadAction","target":["https:\/\/serbiaopen.org\/sr\/vesti\/lep-ali-i-bolan-momenat-za-derea\/"]}]},{"@type":"ImageObject","inLanguage":"sr-RS","@id":"https:\/\/serbiaopen.org\/sr\/vesti\/lep-ali-i-bolan-momenat-za-derea\/#primaryimage","url":"https:\/\/serbiaopen.org\/wp-content\/uploads\/2024\/11\/317A8829-1.jpg","contentUrl":"https:\/\/serbiaopen.org\/wp-content\/uploads\/2024\/11\/317A8829-1.jpg","width":1633,"height":1168},{"@type":"BreadcrumbList","@id":"https:\/\/serbiaopen.org\/sr\/vesti\/lep-ali-i-bolan-momenat-za-derea\/#breadcrumb","itemListElement":[{"@type":"ListItem","position":1,"name":"Home","item":"https:\/\/serbiaopen.org\/sr\/"},{"@type":"ListItem","position":2,"name":"Lep, ali i bolan momenat za \u0110erea"}]},{"@type":"WebSite","@id":"https:\/\/serbiaopen.org\/sr\/#website","url":"https:\/\/serbiaopen.org\/sr\/","name":"Belgrade Open 2024","description":"ATP Turnir 250","publisher":{"@id":"https:\/\/serbiaopen.org\/sr\/#organization"},"potentialAction":[{"@type":"SearchAction","target":{"@type":"EntryPoint","urlTemplate":"https:\/\/serbiaopen.org\/sr\/?s={search_term_string}"},"query-input":{"@type":"PropertyValueSpecification","valueRequired":true,"valueName":"search_term_string"}}],"inLanguage":"sr-RS"},{"@type":"Organization","@id":"https:\/\/serbiaopen.org\/sr\/#organization","name":"Belgrade Open 2024","url":"https:\/\/serbiaopen.org\/sr\/","logo":{"@type":"ImageObject","inLanguage":"sr-RS","@id":"https:\/\/serbiaopen.org\/sr\/#\/schema\/logo\/image\/","url":"https:\/\/serbiaopen.org\/wp-content\/uploads\/2024\/10\/card.png","contentUrl":"https:\/\/serbiaopen.org\/wp-content\/uploads\/2024\/10\/card.png","width":1920,"height":1080,"caption":"Belgrade Open 2024"},"image":{"@id":"https:\/\/serbiaopen.org\/sr\/#\/schema\/logo\/image\/"},"sameAs":["https:\/\/www.facebook.com\/serbiaopenofficial"]},{"@type":"Person","@id":"https:\/\/serbiaopen.org\/sr\/#\/schema\/person\/491bb56af5f7cbe15a61c2d2d05c258f","name":"Tijana Djordjevic","url":"https:\/\/serbiaopen.org\/sr\/author\/tijana-djordjevic\/"}]}},"_links":{"self":[{"href":"https:\/\/serbiaopen.org\/sr\/wp-json\/wp\/v2\/posts\/5340"}],"collection":[{"href":"https:\/\/serbiaopen.org\/sr\/wp-json\/wp\/v2\/posts"}],"about":[{"href":"https:\/\/serbiaopen.org\/sr\/wp-json\/wp\/v2\/types\/post"}],"author":[{"embeddable":true,"href":"https:\/\/serbiaopen.org\/sr\/wp-json\/wp\/v2\/users\/4"}],"replies":[{"embeddable":true,"href":"https:\/\/serbiaopen.org\/sr\/wp-json\/wp\/v2\/comments?post=5340"}],"version-history":[{"count":3,"href":"https:\/\/serbiaopen.org\/sr\/wp-json\/wp\/v2\/posts\/5340\/revisions"}],"predecessor-version":[{"id":5561,"href":"https:\/\/serbiaopen.org\/sr\/wp-json\/wp\/v2\/posts\/5340\/revisions\/5561"}],"wp:featuredmedia":[{"embeddable":true,"href":"https:\/\/serbiaopen.org\/sr\/wp-json\/wp\/v2\/media\/5341"}],"wp:attachment":[{"href":"https:\/\/serbiaopen.org\/sr\/wp-json\/wp\/v2\/media?parent=5340"}],"wp:term":[{"taxonomy":"category","embeddable":true,"href":"https:\/\/serbiaopen.org\/sr\/wp-json\/wp\/v2\/categories?post=5340"},{"taxonomy":"post_tag","embeddable":true,"href":"https:\/\/serbiaopen.org\/sr\/wp-json\/wp\/v2\/tags?post=5340"}],"curies":[{"name":"wp","href":"https:\/\/api.w.org\/{rel}","templated":true}]}}