{"id":4031,"date":"2024-11-05T18:43:45","date_gmt":"2024-11-05T17:43:45","guid":{"rendered":"https:\/\/serbiaopen.org\/?p=4031"},"modified":"2024-11-05T19:18:33","modified_gmt":"2024-11-05T18:18:33","slug":"vavrinka-necu-jos-u-penziju-pricao-sam-sa-novakom","status":"publish","type":"post","link":"https:\/\/serbiaopen.org\/sr\/vesti\/vavrinka-necu-jos-u-penziju-pricao-sam-sa-novakom\/","title":{"rendered":"Vavrinka: Ne\u0107u jo\u0161 u penziju, pri\u010dao sam sa Novakom"},"content":{"rendered":"<p>Nije se dugo Sten Vavrinka zadr\u017eao u Beogradu, pora\u017een je od Lasla \u0110erea, ali je uvek dobro imati trostrukog gren slem \u0161ampiona na turniru.<\/p>\n<p>Dobro je servirao \u0160vajcarac, borio se koliko je mogao, ali protiv raspolo\u017eenog \u0110erea jednostavno nije imao re\u0161enja.<\/p>\n<p>&#8222;Izuzetno te\u017eak me\u010d protiv \u0110erea. Poku\u0161ao sam da na\u0111em bolje opcije u igri da mu se suprotstavim, ali nisam uspeo. Bio je bolji od mene i pobedio. U\u017eivao sam ovih nekoliko dana u Beogradu, ali na moju \u017ealost, pora\u017een sam na kraju sezone&#8220;, rekao je Sten Vavriinka po zavr\u0161etku me\u010da.<\/p>\n<p>Osvrnuo se potom \u0160vajcarac na izjavu \u0110erea da nema nameru da igra tenis do 39. godine, a logi\u010dno &#8211; nametalo se pitanje kad \u0107e on da ostavi reket.<\/p>\n<p>&#8222;Jo\u0161 u\u017eivam u tenisu. Tako je bilo i u Beogradu. Imao sam neke dobre me\u010deve pre dolaska ovde. Istina, ovo je bio te\u017eak dan jer sam izgubio, ali generalno volim svoj posao, volim da igram, to je moja strast. U\u017eivam u tenisu. Trudim se da guram napred, iako se eto sezona nije zavr\u0161ila kako sam \u017eeleo. Ne znam ta\u010dno kada \u0107u oti\u0107i u penziju, poku\u0161a\u0107u da se pripremim \u0161to je bolje mogu\u0107e za narednu godinu. Nadam se da \u0107u igrati dobar tenis&#8220;.<\/p>\n<p>Novak \u0110okovi\u0107 je bio na startu turnira u Beogradskoj areni, gledao je neke me\u010deve, ali dana\u0161nji je presko\u010dio.<\/p>\n<p>&#8222;Sreli smo se, ali ne danas. Malo smo razgovarali. Olimpijske igre bile su fantasti\u010dne za njega, osvojio je zlatnu medalju. Uglavnom, razgovarali smo o sezoni koja se upravo zavr\u0161ila za obojicu\u201c, zaklju\u010dio je Vavriinka.<\/p>\n","protected":false},"excerpt":{"rendered":"<p>Nije se dugo Sten Vavrinka zadr\u017eao u Beogradu, pora\u017een je [&hellip;]<\/p>\n","protected":false},"author":5,"featured_media":3920,"comment_status":"closed","ping_status":"closed","sticky":false,"template":"","format":"standard","meta":{"_acf_changed":false,"footnotes":""},"categories":[14],"tags":[],"class_list":["post-4031","post","type-post","status-publish","format-standard","has-post-thumbnail","hentry","category-vesti"],"acf":[],"yoast_head":"<!-- This site is optimized with the Yoast SEO plugin v23.7 - https:\/\/yoast.com\/wordpress\/plugins\/seo\/ -->\n<title>Vavrinka: Ne\u0107u jo\u0161 u penziju, pri\u010dao sam sa Novakom - Belgrade Open<\/title>\n<meta name=\"robots\" content=\"index, follow, max-snippet:-1, max-image-preview:large, max-video-preview:-1\" \/>\n<link rel=\"canonical\" href=\"https:\/\/serbiaopen.org\/sr\/vesti\/vavrinka-necu-jos-u-penziju-pricao-sam-sa-novakom\/\" \/>\n<meta property=\"og:locale\" content=\"sr_RS\" \/>\n<meta property=\"og:type\" content=\"article\" \/>\n<meta property=\"og:title\" content=\"Vavrinka: Ne\u0107u jo\u0161 u penziju, pri\u010dao sam sa Novakom - Belgrade Open\" \/>\n<meta property=\"og:description\" content=\"Nije se dugo Sten Vavrinka zadr\u017eao u Beogradu, pora\u017een je [&hellip;]\" \/>\n<meta property=\"og:url\" content=\"https:\/\/serbiaopen.org\/sr\/vesti\/vavrinka-necu-jos-u-penziju-pricao-sam-sa-novakom\/\" \/>\n<meta property=\"og:site_name\" content=\"Belgrade Open\" \/>\n<meta property=\"article:publisher\" content=\"https:\/\/www.facebook.com\/serbiaopenofficial\" \/>\n<meta property=\"article:published_time\" content=\"2024-11-05T17:43:45+00:00\" \/>\n<meta property=\"article:modified_time\" content=\"2024-11-05T18:18:33+00:00\" \/>\n<meta property=\"og:image\" content=\"https:\/\/serbiaopen.org\/wp-content\/uploads\/2024\/11\/317A5985.jpg\" \/>\n\t<meta property=\"og:image:width\" content=\"2449\" \/>\n\t<meta property=\"og:image:height\" content=\"1633\" \/>\n\t<meta property=\"og:image:type\" content=\"image\/jpeg\" \/>\n<meta name=\"author\" content=\"Jasmina Stakic\" \/>\n<meta name=\"twitter:card\" content=\"summary_large_image\" \/>\n<meta name=\"twitter:label1\" content=\"\u041d\u0430\u043f\u0438\u0441\u0430\u043d\u043e \u043e\u0434\" \/>\n\t<meta name=\"twitter:data1\" content=\"Jasmina Stakic\" \/>\n\t<meta name=\"twitter:label2\" content=\"\u041f\u0440\u043e\u0446\u0435\u045a\u0435\u043d\u043e \u0432\u0440\u0435\u043c\u0435 \u0447\u0438\u0442\u0430\u045a\u0430\" \/>\n\t<meta name=\"twitter:data2\" content=\"2 \u043c\u0438\u043d\u0443\u0442\u0430\" \/>\n<script type=\"application\/ld+json\" class=\"yoast-schema-graph\">{\"@context\":\"https:\/\/schema.org\",\"@graph\":[{\"@type\":\"Article\",\"@id\":\"https:\/\/serbiaopen.org\/sr\/vesti\/vavrinka-necu-jos-u-penziju-pricao-sam-sa-novakom\/#article\",\"isPartOf\":{\"@id\":\"https:\/\/serbiaopen.org\/sr\/vesti\/vavrinka-necu-jos-u-penziju-pricao-sam-sa-novakom\/\"},\"author\":{\"name\":\"Jasmina Stakic\",\"@id\":\"https:\/\/serbiaopen.org\/sr\/#\/schema\/person\/83f690bf165bf70db2154ab0068cc8e9\"},\"headline\":\"Vavrinka: Ne\u0107u jo\u0161 u penziju, pri\u010dao sam sa Novakom\",\"datePublished\":\"2024-11-05T17:43:45+00:00\",\"dateModified\":\"2024-11-05T18:18:33+00:00\",\"mainEntityOfPage\":{\"@id\":\"https:\/\/serbiaopen.org\/sr\/vesti\/vavrinka-necu-jos-u-penziju-pricao-sam-sa-novakom\/\"},\"wordCount\":291,\"publisher\":{\"@id\":\"https:\/\/serbiaopen.org\/sr\/#organization\"},\"image\":{\"@id\":\"https:\/\/serbiaopen.org\/sr\/vesti\/vavrinka-necu-jos-u-penziju-pricao-sam-sa-novakom\/#primaryimage\"},\"thumbnailUrl\":\"https:\/\/serbiaopen.org\/wp-content\/uploads\/2024\/11\/317A5985.jpg\",\"articleSection\":[\"Vesti\"],\"inLanguage\":\"sr-RS\"},{\"@type\":\"WebPage\",\"@id\":\"https:\/\/serbiaopen.org\/sr\/vesti\/vavrinka-necu-jos-u-penziju-pricao-sam-sa-novakom\/\",\"url\":\"https:\/\/serbiaopen.org\/sr\/vesti\/vavrinka-necu-jos-u-penziju-pricao-sam-sa-novakom\/\",\"name\":\"Vavrinka: Ne\u0107u jo\u0161 u penziju, pri\u010dao sam sa Novakom - Belgrade Open\",\"isPartOf\":{\"@id\":\"https:\/\/serbiaopen.org\/sr\/#website\"},\"primaryImageOfPage\":{\"@id\":\"https:\/\/serbiaopen.org\/sr\/vesti\/vavrinka-necu-jos-u-penziju-pricao-sam-sa-novakom\/#primaryimage\"},\"image\":{\"@id\":\"https:\/\/serbiaopen.org\/sr\/vesti\/vavrinka-necu-jos-u-penziju-pricao-sam-sa-novakom\/#primaryimage\"},\"thumbnailUrl\":\"https:\/\/serbiaopen.org\/wp-content\/uploads\/2024\/11\/317A5985.jpg\",\"datePublished\":\"2024-11-05T17:43:45+00:00\",\"dateModified\":\"2024-11-05T18:18:33+00:00\",\"breadcrumb\":{\"@id\":\"https:\/\/serbiaopen.org\/sr\/vesti\/vavrinka-necu-jos-u-penziju-pricao-sam-sa-novakom\/#breadcrumb\"},\"inLanguage\":\"sr-RS\",\"potentialAction\":[{\"@type\":\"ReadAction\",\"target\":[\"https:\/\/serbiaopen.org\/sr\/vesti\/vavrinka-necu-jos-u-penziju-pricao-sam-sa-novakom\/\"]}]},{\"@type\":\"ImageObject\",\"inLanguage\":\"sr-RS\",\"@id\":\"https:\/\/serbiaopen.org\/sr\/vesti\/vavrinka-necu-jos-u-penziju-pricao-sam-sa-novakom\/#primaryimage\",\"url\":\"https:\/\/serbiaopen.org\/wp-content\/uploads\/2024\/11\/317A5985.jpg\",\"contentUrl\":\"https:\/\/serbiaopen.org\/wp-content\/uploads\/2024\/11\/317A5985.jpg\",\"width\":2449,\"height\":1633},{\"@type\":\"BreadcrumbList\",\"@id\":\"https:\/\/serbiaopen.org\/sr\/vesti\/vavrinka-necu-jos-u-penziju-pricao-sam-sa-novakom\/#breadcrumb\",\"itemListElement\":[{\"@type\":\"ListItem\",\"position\":1,\"name\":\"Home\",\"item\":\"https:\/\/serbiaopen.org\/sr\/\"},{\"@type\":\"ListItem\",\"position\":2,\"name\":\"Vavrinka: Ne\u0107u jo\u0161 u penziju, pri\u010dao sam sa Novakom\"}]},{\"@type\":\"WebSite\",\"@id\":\"https:\/\/serbiaopen.org\/sr\/#website\",\"url\":\"https:\/\/serbiaopen.org\/sr\/\",\"name\":\"Belgrade Open 2024\",\"description\":\"ATP Turnir 250\",\"publisher\":{\"@id\":\"https:\/\/serbiaopen.org\/sr\/#organization\"},\"potentialAction\":[{\"@type\":\"SearchAction\",\"target\":{\"@type\":\"EntryPoint\",\"urlTemplate\":\"https:\/\/serbiaopen.org\/sr\/?s={search_term_string}\"},\"query-input\":{\"@type\":\"PropertyValueSpecification\",\"valueRequired\":true,\"valueName\":\"search_term_string\"}}],\"inLanguage\":\"sr-RS\"},{\"@type\":\"Organization\",\"@id\":\"https:\/\/serbiaopen.org\/sr\/#organization\",\"name\":\"Belgrade Open 2024\",\"url\":\"https:\/\/serbiaopen.org\/sr\/\",\"logo\":{\"@type\":\"ImageObject\",\"inLanguage\":\"sr-RS\",\"@id\":\"https:\/\/serbiaopen.org\/sr\/#\/schema\/logo\/image\/\",\"url\":\"https:\/\/serbiaopen.org\/wp-content\/uploads\/2024\/10\/card.png\",\"contentUrl\":\"https:\/\/serbiaopen.org\/wp-content\/uploads\/2024\/10\/card.png\",\"width\":1920,\"height\":1080,\"caption\":\"Belgrade Open 2024\"},\"image\":{\"@id\":\"https:\/\/serbiaopen.org\/sr\/#\/schema\/logo\/image\/\"},\"sameAs\":[\"https:\/\/www.facebook.com\/serbiaopenofficial\"]},{\"@type\":\"Person\",\"@id\":\"https:\/\/serbiaopen.org\/sr\/#\/schema\/person\/83f690bf165bf70db2154ab0068cc8e9\",\"name\":\"Jasmina Stakic\",\"url\":\"https:\/\/serbiaopen.org\/sr\/author\/jasmina-stakic\/\"}]}<\/script>\n<!-- \/ Yoast SEO plugin. -->","yoast_head_json":{"title":"Vavrinka: Ne\u0107u jo\u0161 u penziju, pri\u010dao sam sa Novakom - Belgrade Open","robots":{"index":"index","follow":"follow","max-snippet":"max-snippet:-1","max-image-preview":"max-image-preview:large","max-video-preview":"max-video-preview:-1"},"canonical":"https:\/\/serbiaopen.org\/sr\/vesti\/vavrinka-necu-jos-u-penziju-pricao-sam-sa-novakom\/","og_locale":"sr_RS","og_type":"article","og_title":"Vavrinka: Ne\u0107u jo\u0161 u penziju, pri\u010dao sam sa Novakom - Belgrade Open","og_description":"Nije se dugo Sten Vavrinka zadr\u017eao u Beogradu, pora\u017een je [&hellip;]","og_url":"https:\/\/serbiaopen.org\/sr\/vesti\/vavrinka-necu-jos-u-penziju-pricao-sam-sa-novakom\/","og_site_name":"Belgrade Open","article_publisher":"https:\/\/www.facebook.com\/serbiaopenofficial","article_published_time":"2024-11-05T17:43:45+00:00","article_modified_time":"2024-11-05T18:18:33+00:00","og_image":[{"width":2449,"height":1633,"url":"https:\/\/serbiaopen.org\/wp-content\/uploads\/2024\/11\/317A5985.jpg","type":"image\/jpeg"}],"author":"Jasmina Stakic","twitter_card":"summary_large_image","twitter_misc":{"\u041d\u0430\u043f\u0438\u0441\u0430\u043d\u043e \u043e\u0434":"Jasmina Stakic","\u041f\u0440\u043e\u0446\u0435\u045a\u0435\u043d\u043e \u0432\u0440\u0435\u043c\u0435 \u0447\u0438\u0442\u0430\u045a\u0430":"2 \u043c\u0438\u043d\u0443\u0442\u0430"},"schema":{"@context":"https:\/\/schema.org","@graph":[{"@type":"Article","@id":"https:\/\/serbiaopen.org\/sr\/vesti\/vavrinka-necu-jos-u-penziju-pricao-sam-sa-novakom\/#article","isPartOf":{"@id":"https:\/\/serbiaopen.org\/sr\/vesti\/vavrinka-necu-jos-u-penziju-pricao-sam-sa-novakom\/"},"author":{"name":"Jasmina Stakic","@id":"https:\/\/serbiaopen.org\/sr\/#\/schema\/person\/83f690bf165bf70db2154ab0068cc8e9"},"headline":"Vavrinka: Ne\u0107u jo\u0161 u penziju, pri\u010dao sam sa Novakom","datePublished":"2024-11-05T17:43:45+00:00","dateModified":"2024-11-05T18:18:33+00:00","mainEntityOfPage":{"@id":"https:\/\/serbiaopen.org\/sr\/vesti\/vavrinka-necu-jos-u-penziju-pricao-sam-sa-novakom\/"},"wordCount":291,"publisher":{"@id":"https:\/\/serbiaopen.org\/sr\/#organization"},"image":{"@id":"https:\/\/serbiaopen.org\/sr\/vesti\/vavrinka-necu-jos-u-penziju-pricao-sam-sa-novakom\/#primaryimage"},"thumbnailUrl":"https:\/\/serbiaopen.org\/wp-content\/uploads\/2024\/11\/317A5985.jpg","articleSection":["Vesti"],"inLanguage":"sr-RS"},{"@type":"WebPage","@id":"https:\/\/serbiaopen.org\/sr\/vesti\/vavrinka-necu-jos-u-penziju-pricao-sam-sa-novakom\/","url":"https:\/\/serbiaopen.org\/sr\/vesti\/vavrinka-necu-jos-u-penziju-pricao-sam-sa-novakom\/","name":"Vavrinka: Ne\u0107u jo\u0161 u penziju, pri\u010dao sam sa Novakom - Belgrade Open","isPartOf":{"@id":"https:\/\/serbiaopen.org\/sr\/#website"},"primaryImageOfPage":{"@id":"https:\/\/serbiaopen.org\/sr\/vesti\/vavrinka-necu-jos-u-penziju-pricao-sam-sa-novakom\/#primaryimage"},"image":{"@id":"https:\/\/serbiaopen.org\/sr\/vesti\/vavrinka-necu-jos-u-penziju-pricao-sam-sa-novakom\/#primaryimage"},"thumbnailUrl":"https:\/\/serbiaopen.org\/wp-content\/uploads\/2024\/11\/317A5985.jpg","datePublished":"2024-11-05T17:43:45+00:00","dateModified":"2024-11-05T18:18:33+00:00","breadcrumb":{"@id":"https:\/\/serbiaopen.org\/sr\/vesti\/vavrinka-necu-jos-u-penziju-pricao-sam-sa-novakom\/#breadcrumb"},"inLanguage":"sr-RS","potentialAction":[{"@type":"ReadAction","target":["https:\/\/serbiaopen.org\/sr\/vesti\/vavrinka-necu-jos-u-penziju-pricao-sam-sa-novakom\/"]}]},{"@type":"ImageObject","inLanguage":"sr-RS","@id":"https:\/\/serbiaopen.org\/sr\/vesti\/vavrinka-necu-jos-u-penziju-pricao-sam-sa-novakom\/#primaryimage","url":"https:\/\/serbiaopen.org\/wp-content\/uploads\/2024\/11\/317A5985.jpg","contentUrl":"https:\/\/serbiaopen.org\/wp-content\/uploads\/2024\/11\/317A5985.jpg","width":2449,"height":1633},{"@type":"BreadcrumbList","@id":"https:\/\/serbiaopen.org\/sr\/vesti\/vavrinka-necu-jos-u-penziju-pricao-sam-sa-novakom\/#breadcrumb","itemListElement":[{"@type":"ListItem","position":1,"name":"Home","item":"https:\/\/serbiaopen.org\/sr\/"},{"@type":"ListItem","position":2,"name":"Vavrinka: Ne\u0107u jo\u0161 u penziju, pri\u010dao sam sa Novakom"}]},{"@type":"WebSite","@id":"https:\/\/serbiaopen.org\/sr\/#website","url":"https:\/\/serbiaopen.org\/sr\/","name":"Belgrade Open 2024","description":"ATP Turnir 250","publisher":{"@id":"https:\/\/serbiaopen.org\/sr\/#organization"},"potentialAction":[{"@type":"SearchAction","target":{"@type":"EntryPoint","urlTemplate":"https:\/\/serbiaopen.org\/sr\/?s={search_term_string}"},"query-input":{"@type":"PropertyValueSpecification","valueRequired":true,"valueName":"search_term_string"}}],"inLanguage":"sr-RS"},{"@type":"Organization","@id":"https:\/\/serbiaopen.org\/sr\/#organization","name":"Belgrade Open 2024","url":"https:\/\/serbiaopen.org\/sr\/","logo":{"@type":"ImageObject","inLanguage":"sr-RS","@id":"https:\/\/serbiaopen.org\/sr\/#\/schema\/logo\/image\/","url":"https:\/\/serbiaopen.org\/wp-content\/uploads\/2024\/10\/card.png","contentUrl":"https:\/\/serbiaopen.org\/wp-content\/uploads\/2024\/10\/card.png","width":1920,"height":1080,"caption":"Belgrade Open 2024"},"image":{"@id":"https:\/\/serbiaopen.org\/sr\/#\/schema\/logo\/image\/"},"sameAs":["https:\/\/www.facebook.com\/serbiaopenofficial"]},{"@type":"Person","@id":"https:\/\/serbiaopen.org\/sr\/#\/schema\/person\/83f690bf165bf70db2154ab0068cc8e9","name":"Jasmina Stakic","url":"https:\/\/serbiaopen.org\/sr\/author\/jasmina-stakic\/"}]}},"_links":{"self":[{"href":"https:\/\/serbiaopen.org\/sr\/wp-json\/wp\/v2\/posts\/4031"}],"collection":[{"href":"https:\/\/serbiaopen.org\/sr\/wp-json\/wp\/v2\/posts"}],"about":[{"href":"https:\/\/serbiaopen.org\/sr\/wp-json\/wp\/v2\/types\/post"}],"author":[{"embeddable":true,"href":"https:\/\/serbiaopen.org\/sr\/wp-json\/wp\/v2\/users\/5"}],"replies":[{"embeddable":true,"href":"https:\/\/serbiaopen.org\/sr\/wp-json\/wp\/v2\/comments?post=4031"}],"version-history":[{"count":1,"href":"https:\/\/serbiaopen.org\/sr\/wp-json\/wp\/v2\/posts\/4031\/revisions"}],"predecessor-version":[{"id":4032,"href":"https:\/\/serbiaopen.org\/sr\/wp-json\/wp\/v2\/posts\/4031\/revisions\/4032"}],"wp:featuredmedia":[{"embeddable":true,"href":"https:\/\/serbiaopen.org\/sr\/wp-json\/wp\/v2\/media\/3920"}],"wp:attachment":[{"href":"https:\/\/serbiaopen.org\/sr\/wp-json\/wp\/v2\/media?parent=4031"}],"wp:term":[{"taxonomy":"category","embeddable":true,"href":"https:\/\/serbiaopen.org\/sr\/wp-json\/wp\/v2\/categories?post=4031"},{"taxonomy":"post_tag","embeddable":true,"href":"https:\/\/serbiaopen.org\/sr\/wp-json\/wp\/v2\/tags?post=4031"}],"curies":[{"name":"wp","href":"https:\/\/api.w.org\/{rel}","templated":true}]}}