{"id":3413,"date":"2024-11-04T18:39:33","date_gmt":"2024-11-04T17:39:33","guid":{"rendered":"https:\/\/serbiaopen.org\/?p=3413"},"modified":"2024-11-04T22:16:12","modified_gmt":"2024-11-04T21:16:12","slug":"kecmanovic-nisam-znao-sta-da-radim-na-terenu","status":"publish","type":"post","link":"https:\/\/serbiaopen.org\/sr\/vesti\/kecmanovic-nisam-znao-sta-da-radim-na-terenu\/","title":{"rendered":"Kecmanovi\u0107: Nisam znao \u0161ta da radim na terenu"},"content":{"rendered":"<p>Miomir Kecmanovi\u0107 nije uspeo da se plasira u drugo kolo turnira Belgrade Open, bolji od njega bio je Kristofer O&#8217;Konel.<\/p>\n<p>Kako je Australijanac odigrao, dovoljno govore i re\u010di srpskog asa posle me\u010da.<\/p>\n<p>&#8222;Svi smo gledali me\u010d, ne znam \u0161ta da ka\u017eem. Ako \u0107e tako svaki put da igra, onda svaka \u010das. Ba\u0161 je odigrao fantasti\u010dno. Nisam znao \u0161ta da radim danas na terenu&#8220;, rekao je Kecmanovi\u0107.<\/p>\n<p>Istakao je Kecmanovi\u0107 da mu ni plan B nije funkcionisao.<\/p>\n<p>&#8222;Ima\u0161 taktiku pre me\u010da, ali d\u017eabe je sve to ako ti odigra\u0161 kako treba, a dobije\u0161 viner nazad. Koliko puta sam pri\u0161ao dobro udarcu i tr\u010dao ka mre\u017ei i onda ni\u0161ta. Svaka mu \u010dast, odigrao je dosta dobro&#8220;.<\/p>\n<p>Kecmanovi\u0107 je zavr\u0161io sezonu i ve\u0107 razmi\u0161lja o novoj.<\/p>\n<p>&#8222;Pripreme \u0107u prvo odraditi u Beogradu, a potom idem mesec dana u Dubai. Ne znam \u0161ta \u0107u prvo igrati. Da na\u0111em trenera, pa \u0107emo videti, brzo \u0107e pripreme&#8220;, zaklju\u010dio je Kecmanovi\u0107.<\/p>\n","protected":false},"excerpt":{"rendered":"<p>Miomir Kecmanovi\u0107 nije uspeo da se plasira u drugo kolo [&hellip;]<\/p>\n","protected":false},"author":5,"featured_media":3394,"comment_status":"closed","ping_status":"closed","sticky":false,"template":"","format":"standard","meta":{"_acf_changed":false,"footnotes":""},"categories":[14],"tags":[],"class_list":["post-3413","post","type-post","status-publish","format-standard","has-post-thumbnail","hentry","category-vesti"],"acf":[],"yoast_head":"<!-- This site is optimized with the Yoast SEO plugin v23.7 - https:\/\/yoast.com\/wordpress\/plugins\/seo\/ -->\n<title>Kecmanovi\u0107: Nisam znao \u0161ta da radim na terenu - Belgrade Open<\/title>\n<meta name=\"robots\" content=\"index, follow, max-snippet:-1, max-image-preview:large, max-video-preview:-1\" \/>\n<link rel=\"canonical\" href=\"https:\/\/serbiaopen.org\/sr\/vesti\/kecmanovic-nisam-znao-sta-da-radim-na-terenu\/\" \/>\n<meta property=\"og:locale\" content=\"sr_RS\" \/>\n<meta property=\"og:type\" content=\"article\" \/>\n<meta property=\"og:title\" content=\"Kecmanovi\u0107: Nisam znao \u0161ta da radim na terenu - Belgrade Open\" \/>\n<meta property=\"og:description\" content=\"Miomir Kecmanovi\u0107 nije uspeo da se plasira u drugo kolo [&hellip;]\" \/>\n<meta property=\"og:url\" content=\"https:\/\/serbiaopen.org\/sr\/vesti\/kecmanovic-nisam-znao-sta-da-radim-na-terenu\/\" \/>\n<meta property=\"og:site_name\" content=\"Belgrade Open\" \/>\n<meta property=\"article:publisher\" content=\"https:\/\/www.facebook.com\/serbiaopenofficial\" \/>\n<meta property=\"article:published_time\" content=\"2024-11-04T17:39:33+00:00\" \/>\n<meta property=\"article:modified_time\" content=\"2024-11-04T21:16:12+00:00\" \/>\n<meta property=\"og:image\" content=\"https:\/\/serbiaopen.org\/wp-content\/uploads\/2024\/11\/317A5150.jpg\" \/>\n\t<meta property=\"og:image:width\" content=\"2449\" \/>\n\t<meta property=\"og:image:height\" content=\"1633\" \/>\n\t<meta property=\"og:image:type\" content=\"image\/jpeg\" \/>\n<meta name=\"author\" content=\"Jasmina Stakic\" \/>\n<meta name=\"twitter:card\" content=\"summary_large_image\" \/>\n<meta name=\"twitter:label1\" content=\"\u041d\u0430\u043f\u0438\u0441\u0430\u043d\u043e \u043e\u0434\" \/>\n\t<meta name=\"twitter:data1\" content=\"Jasmina Stakic\" \/>\n\t<meta name=\"twitter:label2\" content=\"\u041f\u0440\u043e\u0446\u0435\u045a\u0435\u043d\u043e \u0432\u0440\u0435\u043c\u0435 \u0447\u0438\u0442\u0430\u045a\u0430\" \/>\n\t<meta name=\"twitter:data2\" content=\"1 \u043c\u0438\u043d\u0443\u0442\" \/>\n<script type=\"application\/ld+json\" class=\"yoast-schema-graph\">{\"@context\":\"https:\/\/schema.org\",\"@graph\":[{\"@type\":\"Article\",\"@id\":\"https:\/\/serbiaopen.org\/sr\/vesti\/kecmanovic-nisam-znao-sta-da-radim-na-terenu\/#article\",\"isPartOf\":{\"@id\":\"https:\/\/serbiaopen.org\/sr\/vesti\/kecmanovic-nisam-znao-sta-da-radim-na-terenu\/\"},\"author\":{\"name\":\"Jasmina Stakic\",\"@id\":\"https:\/\/serbiaopen.org\/sr\/#\/schema\/person\/83f690bf165bf70db2154ab0068cc8e9\"},\"headline\":\"Kecmanovi\u0107: Nisam znao \u0161ta da radim na terenu\",\"datePublished\":\"2024-11-04T17:39:33+00:00\",\"dateModified\":\"2024-11-04T21:16:12+00:00\",\"mainEntityOfPage\":{\"@id\":\"https:\/\/serbiaopen.org\/sr\/vesti\/kecmanovic-nisam-znao-sta-da-radim-na-terenu\/\"},\"wordCount\":176,\"publisher\":{\"@id\":\"https:\/\/serbiaopen.org\/sr\/#organization\"},\"image\":{\"@id\":\"https:\/\/serbiaopen.org\/sr\/vesti\/kecmanovic-nisam-znao-sta-da-radim-na-terenu\/#primaryimage\"},\"thumbnailUrl\":\"https:\/\/serbiaopen.org\/wp-content\/uploads\/2024\/11\/317A5150.jpg\",\"articleSection\":[\"Vesti\"],\"inLanguage\":\"sr-RS\"},{\"@type\":\"WebPage\",\"@id\":\"https:\/\/serbiaopen.org\/sr\/vesti\/kecmanovic-nisam-znao-sta-da-radim-na-terenu\/\",\"url\":\"https:\/\/serbiaopen.org\/sr\/vesti\/kecmanovic-nisam-znao-sta-da-radim-na-terenu\/\",\"name\":\"Kecmanovi\u0107: Nisam znao \u0161ta da radim na terenu - Belgrade Open\",\"isPartOf\":{\"@id\":\"https:\/\/serbiaopen.org\/sr\/#website\"},\"primaryImageOfPage\":{\"@id\":\"https:\/\/serbiaopen.org\/sr\/vesti\/kecmanovic-nisam-znao-sta-da-radim-na-terenu\/#primaryimage\"},\"image\":{\"@id\":\"https:\/\/serbiaopen.org\/sr\/vesti\/kecmanovic-nisam-znao-sta-da-radim-na-terenu\/#primaryimage\"},\"thumbnailUrl\":\"https:\/\/serbiaopen.org\/wp-content\/uploads\/2024\/11\/317A5150.jpg\",\"datePublished\":\"2024-11-04T17:39:33+00:00\",\"dateModified\":\"2024-11-04T21:16:12+00:00\",\"breadcrumb\":{\"@id\":\"https:\/\/serbiaopen.org\/sr\/vesti\/kecmanovic-nisam-znao-sta-da-radim-na-terenu\/#breadcrumb\"},\"inLanguage\":\"sr-RS\",\"potentialAction\":[{\"@type\":\"ReadAction\",\"target\":[\"https:\/\/serbiaopen.org\/sr\/vesti\/kecmanovic-nisam-znao-sta-da-radim-na-terenu\/\"]}]},{\"@type\":\"ImageObject\",\"inLanguage\":\"sr-RS\",\"@id\":\"https:\/\/serbiaopen.org\/sr\/vesti\/kecmanovic-nisam-znao-sta-da-radim-na-terenu\/#primaryimage\",\"url\":\"https:\/\/serbiaopen.org\/wp-content\/uploads\/2024\/11\/317A5150.jpg\",\"contentUrl\":\"https:\/\/serbiaopen.org\/wp-content\/uploads\/2024\/11\/317A5150.jpg\",\"width\":2449,\"height\":1633},{\"@type\":\"BreadcrumbList\",\"@id\":\"https:\/\/serbiaopen.org\/sr\/vesti\/kecmanovic-nisam-znao-sta-da-radim-na-terenu\/#breadcrumb\",\"itemListElement\":[{\"@type\":\"ListItem\",\"position\":1,\"name\":\"Home\",\"item\":\"https:\/\/serbiaopen.org\/sr\/\"},{\"@type\":\"ListItem\",\"position\":2,\"name\":\"Kecmanovi\u0107: Nisam znao \u0161ta da radim na terenu\"}]},{\"@type\":\"WebSite\",\"@id\":\"https:\/\/serbiaopen.org\/sr\/#website\",\"url\":\"https:\/\/serbiaopen.org\/sr\/\",\"name\":\"Belgrade Open 2024\",\"description\":\"ATP Turnir 250\",\"publisher\":{\"@id\":\"https:\/\/serbiaopen.org\/sr\/#organization\"},\"potentialAction\":[{\"@type\":\"SearchAction\",\"target\":{\"@type\":\"EntryPoint\",\"urlTemplate\":\"https:\/\/serbiaopen.org\/sr\/?s={search_term_string}\"},\"query-input\":{\"@type\":\"PropertyValueSpecification\",\"valueRequired\":true,\"valueName\":\"search_term_string\"}}],\"inLanguage\":\"sr-RS\"},{\"@type\":\"Organization\",\"@id\":\"https:\/\/serbiaopen.org\/sr\/#organization\",\"name\":\"Belgrade Open 2024\",\"url\":\"https:\/\/serbiaopen.org\/sr\/\",\"logo\":{\"@type\":\"ImageObject\",\"inLanguage\":\"sr-RS\",\"@id\":\"https:\/\/serbiaopen.org\/sr\/#\/schema\/logo\/image\/\",\"url\":\"https:\/\/serbiaopen.org\/wp-content\/uploads\/2024\/10\/card.png\",\"contentUrl\":\"https:\/\/serbiaopen.org\/wp-content\/uploads\/2024\/10\/card.png\",\"width\":1920,\"height\":1080,\"caption\":\"Belgrade Open 2024\"},\"image\":{\"@id\":\"https:\/\/serbiaopen.org\/sr\/#\/schema\/logo\/image\/\"},\"sameAs\":[\"https:\/\/www.facebook.com\/serbiaopenofficial\"]},{\"@type\":\"Person\",\"@id\":\"https:\/\/serbiaopen.org\/sr\/#\/schema\/person\/83f690bf165bf70db2154ab0068cc8e9\",\"name\":\"Jasmina Stakic\",\"url\":\"https:\/\/serbiaopen.org\/sr\/author\/jasmina-stakic\/\"}]}<\/script>\n<!-- \/ Yoast SEO plugin. -->","yoast_head_json":{"title":"Kecmanovi\u0107: Nisam znao \u0161ta da radim na terenu - Belgrade Open","robots":{"index":"index","follow":"follow","max-snippet":"max-snippet:-1","max-image-preview":"max-image-preview:large","max-video-preview":"max-video-preview:-1"},"canonical":"https:\/\/serbiaopen.org\/sr\/vesti\/kecmanovic-nisam-znao-sta-da-radim-na-terenu\/","og_locale":"sr_RS","og_type":"article","og_title":"Kecmanovi\u0107: Nisam znao \u0161ta da radim na terenu - Belgrade Open","og_description":"Miomir Kecmanovi\u0107 nije uspeo da se plasira u drugo kolo [&hellip;]","og_url":"https:\/\/serbiaopen.org\/sr\/vesti\/kecmanovic-nisam-znao-sta-da-radim-na-terenu\/","og_site_name":"Belgrade Open","article_publisher":"https:\/\/www.facebook.com\/serbiaopenofficial","article_published_time":"2024-11-04T17:39:33+00:00","article_modified_time":"2024-11-04T21:16:12+00:00","og_image":[{"width":2449,"height":1633,"url":"https:\/\/serbiaopen.org\/wp-content\/uploads\/2024\/11\/317A5150.jpg","type":"image\/jpeg"}],"author":"Jasmina Stakic","twitter_card":"summary_large_image","twitter_misc":{"\u041d\u0430\u043f\u0438\u0441\u0430\u043d\u043e \u043e\u0434":"Jasmina Stakic","\u041f\u0440\u043e\u0446\u0435\u045a\u0435\u043d\u043e \u0432\u0440\u0435\u043c\u0435 \u0447\u0438\u0442\u0430\u045a\u0430":"1 \u043c\u0438\u043d\u0443\u0442"},"schema":{"@context":"https:\/\/schema.org","@graph":[{"@type":"Article","@id":"https:\/\/serbiaopen.org\/sr\/vesti\/kecmanovic-nisam-znao-sta-da-radim-na-terenu\/#article","isPartOf":{"@id":"https:\/\/serbiaopen.org\/sr\/vesti\/kecmanovic-nisam-znao-sta-da-radim-na-terenu\/"},"author":{"name":"Jasmina Stakic","@id":"https:\/\/serbiaopen.org\/sr\/#\/schema\/person\/83f690bf165bf70db2154ab0068cc8e9"},"headline":"Kecmanovi\u0107: Nisam znao \u0161ta da radim na terenu","datePublished":"2024-11-04T17:39:33+00:00","dateModified":"2024-11-04T21:16:12+00:00","mainEntityOfPage":{"@id":"https:\/\/serbiaopen.org\/sr\/vesti\/kecmanovic-nisam-znao-sta-da-radim-na-terenu\/"},"wordCount":176,"publisher":{"@id":"https:\/\/serbiaopen.org\/sr\/#organization"},"image":{"@id":"https:\/\/serbiaopen.org\/sr\/vesti\/kecmanovic-nisam-znao-sta-da-radim-na-terenu\/#primaryimage"},"thumbnailUrl":"https:\/\/serbiaopen.org\/wp-content\/uploads\/2024\/11\/317A5150.jpg","articleSection":["Vesti"],"inLanguage":"sr-RS"},{"@type":"WebPage","@id":"https:\/\/serbiaopen.org\/sr\/vesti\/kecmanovic-nisam-znao-sta-da-radim-na-terenu\/","url":"https:\/\/serbiaopen.org\/sr\/vesti\/kecmanovic-nisam-znao-sta-da-radim-na-terenu\/","name":"Kecmanovi\u0107: Nisam znao \u0161ta da radim na terenu - Belgrade Open","isPartOf":{"@id":"https:\/\/serbiaopen.org\/sr\/#website"},"primaryImageOfPage":{"@id":"https:\/\/serbiaopen.org\/sr\/vesti\/kecmanovic-nisam-znao-sta-da-radim-na-terenu\/#primaryimage"},"image":{"@id":"https:\/\/serbiaopen.org\/sr\/vesti\/kecmanovic-nisam-znao-sta-da-radim-na-terenu\/#primaryimage"},"thumbnailUrl":"https:\/\/serbiaopen.org\/wp-content\/uploads\/2024\/11\/317A5150.jpg","datePublished":"2024-11-04T17:39:33+00:00","dateModified":"2024-11-04T21:16:12+00:00","breadcrumb":{"@id":"https:\/\/serbiaopen.org\/sr\/vesti\/kecmanovic-nisam-znao-sta-da-radim-na-terenu\/#breadcrumb"},"inLanguage":"sr-RS","potentialAction":[{"@type":"ReadAction","target":["https:\/\/serbiaopen.org\/sr\/vesti\/kecmanovic-nisam-znao-sta-da-radim-na-terenu\/"]}]},{"@type":"ImageObject","inLanguage":"sr-RS","@id":"https:\/\/serbiaopen.org\/sr\/vesti\/kecmanovic-nisam-znao-sta-da-radim-na-terenu\/#primaryimage","url":"https:\/\/serbiaopen.org\/wp-content\/uploads\/2024\/11\/317A5150.jpg","contentUrl":"https:\/\/serbiaopen.org\/wp-content\/uploads\/2024\/11\/317A5150.jpg","width":2449,"height":1633},{"@type":"BreadcrumbList","@id":"https:\/\/serbiaopen.org\/sr\/vesti\/kecmanovic-nisam-znao-sta-da-radim-na-terenu\/#breadcrumb","itemListElement":[{"@type":"ListItem","position":1,"name":"Home","item":"https:\/\/serbiaopen.org\/sr\/"},{"@type":"ListItem","position":2,"name":"Kecmanovi\u0107: Nisam znao \u0161ta da radim na terenu"}]},{"@type":"WebSite","@id":"https:\/\/serbiaopen.org\/sr\/#website","url":"https:\/\/serbiaopen.org\/sr\/","name":"Belgrade Open 2024","description":"ATP Turnir 250","publisher":{"@id":"https:\/\/serbiaopen.org\/sr\/#organization"},"potentialAction":[{"@type":"SearchAction","target":{"@type":"EntryPoint","urlTemplate":"https:\/\/serbiaopen.org\/sr\/?s={search_term_string}"},"query-input":{"@type":"PropertyValueSpecification","valueRequired":true,"valueName":"search_term_string"}}],"inLanguage":"sr-RS"},{"@type":"Organization","@id":"https:\/\/serbiaopen.org\/sr\/#organization","name":"Belgrade Open 2024","url":"https:\/\/serbiaopen.org\/sr\/","logo":{"@type":"ImageObject","inLanguage":"sr-RS","@id":"https:\/\/serbiaopen.org\/sr\/#\/schema\/logo\/image\/","url":"https:\/\/serbiaopen.org\/wp-content\/uploads\/2024\/10\/card.png","contentUrl":"https:\/\/serbiaopen.org\/wp-content\/uploads\/2024\/10\/card.png","width":1920,"height":1080,"caption":"Belgrade Open 2024"},"image":{"@id":"https:\/\/serbiaopen.org\/sr\/#\/schema\/logo\/image\/"},"sameAs":["https:\/\/www.facebook.com\/serbiaopenofficial"]},{"@type":"Person","@id":"https:\/\/serbiaopen.org\/sr\/#\/schema\/person\/83f690bf165bf70db2154ab0068cc8e9","name":"Jasmina Stakic","url":"https:\/\/serbiaopen.org\/sr\/author\/jasmina-stakic\/"}]}},"_links":{"self":[{"href":"https:\/\/serbiaopen.org\/sr\/wp-json\/wp\/v2\/posts\/3413"}],"collection":[{"href":"https:\/\/serbiaopen.org\/sr\/wp-json\/wp\/v2\/posts"}],"about":[{"href":"https:\/\/serbiaopen.org\/sr\/wp-json\/wp\/v2\/types\/post"}],"author":[{"embeddable":true,"href":"https:\/\/serbiaopen.org\/sr\/wp-json\/wp\/v2\/users\/5"}],"replies":[{"embeddable":true,"href":"https:\/\/serbiaopen.org\/sr\/wp-json\/wp\/v2\/comments?post=3413"}],"version-history":[{"count":1,"href":"https:\/\/serbiaopen.org\/sr\/wp-json\/wp\/v2\/posts\/3413\/revisions"}],"predecessor-version":[{"id":3418,"href":"https:\/\/serbiaopen.org\/sr\/wp-json\/wp\/v2\/posts\/3413\/revisions\/3418"}],"wp:featuredmedia":[{"embeddable":true,"href":"https:\/\/serbiaopen.org\/sr\/wp-json\/wp\/v2\/media\/3394"}],"wp:attachment":[{"href":"https:\/\/serbiaopen.org\/sr\/wp-json\/wp\/v2\/media?parent=3413"}],"wp:term":[{"taxonomy":"category","embeddable":true,"href":"https:\/\/serbiaopen.org\/sr\/wp-json\/wp\/v2\/categories?post=3413"},{"taxonomy":"post_tag","embeddable":true,"href":"https:\/\/serbiaopen.org\/sr\/wp-json\/wp\/v2\/tags?post=3413"}],"curies":[{"name":"wp","href":"https:\/\/api.w.org\/{rel}","templated":true}]}}