{"id":3361,"date":"2024-11-04T17:56:10","date_gmt":"2024-11-04T16:56:10","guid":{"rendered":"https:\/\/serbiaopen.org\/?p=3361"},"modified":"2024-11-04T18:51:35","modified_gmt":"2024-11-04T17:51:35","slug":"lajovic-krajinovic-uvek-ima-mesta-u-mom-timu","status":"publish","type":"post","link":"https:\/\/serbiaopen.org\/sr\/vesti\/lajovic-krajinovic-uvek-ima-mesta-u-mom-timu\/","title":{"rendered":"Lajovi\u0107: Krajinovi\u0107 uvek ima mesta u mom timu"},"content":{"rendered":"<p>Filip Krajinovi\u0107 je pre nekoliko meseci oti\u0161ao u penziju, a posle pobede Lajovi\u0107a istakao je da bi voleo da mu bude trener.<\/p>\n<p>&#8222;To bi bio savr\u0161en odnos. Nas dvojica smo bukvalno odrasli zajedno. To ne bi bilo ne\u0161to lo\u0161e, jer verujem da on vidi \u0161ta se de\u0161ava na terenu, ose\u0107a tenis. Ako se odlu\u010di da bude trener, bi\u0107e uspe\u0161an u tome. Znam da u\u017eiva u penziji i treba da odmori. Posao \u0107e svakako do\u0107i, a trenerski posao zahteva mnogo odricanja i putovanja. Neka sa\u010deka jo\u0161 malo, ali u mom timu uvek ima mesta za njega&#8220;, zaklju\u010dio je Lajovi\u0107.<\/p>\n","protected":false},"excerpt":{"rendered":"<p>Filip Krajinovi\u0107 je pre nekoliko meseci oti\u0161ao u penziju, a [&hellip;]<\/p>\n","protected":false},"author":4,"featured_media":3362,"comment_status":"closed","ping_status":"closed","sticky":false,"template":"","format":"standard","meta":{"_acf_changed":false,"footnotes":""},"categories":[14],"tags":[],"class_list":["post-3361","post","type-post","status-publish","format-standard","has-post-thumbnail","hentry","category-vesti"],"acf":[],"yoast_head":"<!-- This site is optimized with the Yoast SEO plugin v23.7 - https:\/\/yoast.com\/wordpress\/plugins\/seo\/ -->\n<title>Lajovi\u0107: Krajinovi\u0107 uvek ima mesta u mom timu - Belgrade Open<\/title>\n<meta name=\"robots\" content=\"index, follow, max-snippet:-1, max-image-preview:large, max-video-preview:-1\" \/>\n<link rel=\"canonical\" href=\"https:\/\/serbiaopen.org\/sr\/vesti\/lajovic-krajinovic-uvek-ima-mesta-u-mom-timu\/\" \/>\n<meta property=\"og:locale\" content=\"sr_RS\" \/>\n<meta property=\"og:type\" content=\"article\" \/>\n<meta property=\"og:title\" content=\"Lajovi\u0107: Krajinovi\u0107 uvek ima mesta u mom timu - Belgrade Open\" \/>\n<meta property=\"og:description\" content=\"Filip Krajinovi\u0107 je pre nekoliko meseci oti\u0161ao u penziju, a [&hellip;]\" \/>\n<meta property=\"og:url\" content=\"https:\/\/serbiaopen.org\/sr\/vesti\/lajovic-krajinovic-uvek-ima-mesta-u-mom-timu\/\" \/>\n<meta property=\"og:site_name\" content=\"Belgrade Open\" \/>\n<meta property=\"article:publisher\" content=\"https:\/\/www.facebook.com\/serbiaopenofficial\" \/>\n<meta property=\"article:published_time\" content=\"2024-11-04T16:56:10+00:00\" \/>\n<meta property=\"article:modified_time\" content=\"2024-11-04T17:51:35+00:00\" \/>\n<meta property=\"og:image\" content=\"https:\/\/serbiaopen.org\/wp-content\/uploads\/2024\/11\/317A4814.jpg\" \/>\n\t<meta property=\"og:image:width\" content=\"2449\" \/>\n\t<meta property=\"og:image:height\" content=\"1633\" \/>\n\t<meta property=\"og:image:type\" content=\"image\/jpeg\" \/>\n<meta name=\"author\" content=\"Tijana Djordjevic\" \/>\n<meta name=\"twitter:card\" content=\"summary_large_image\" \/>\n<meta name=\"twitter:label1\" content=\"\u041d\u0430\u043f\u0438\u0441\u0430\u043d\u043e \u043e\u0434\" \/>\n\t<meta name=\"twitter:data1\" content=\"Tijana Djordjevic\" \/>\n\t<meta name=\"twitter:label2\" content=\"\u041f\u0440\u043e\u0446\u0435\u045a\u0435\u043d\u043e \u0432\u0440\u0435\u043c\u0435 \u0447\u0438\u0442\u0430\u045a\u0430\" \/>\n\t<meta name=\"twitter:data2\" content=\"1 \u043c\u0438\u043d\u0443\u0442\" \/>\n<script type=\"application\/ld+json\" class=\"yoast-schema-graph\">{\"@context\":\"https:\/\/schema.org\",\"@graph\":[{\"@type\":\"Article\",\"@id\":\"https:\/\/serbiaopen.org\/sr\/vesti\/lajovic-krajinovic-uvek-ima-mesta-u-mom-timu\/#article\",\"isPartOf\":{\"@id\":\"https:\/\/serbiaopen.org\/sr\/vesti\/lajovic-krajinovic-uvek-ima-mesta-u-mom-timu\/\"},\"author\":{\"name\":\"Tijana Djordjevic\",\"@id\":\"https:\/\/serbiaopen.org\/sr\/#\/schema\/person\/491bb56af5f7cbe15a61c2d2d05c258f\"},\"headline\":\"Lajovi\u0107: Krajinovi\u0107 uvek ima mesta u mom timu\",\"datePublished\":\"2024-11-04T16:56:10+00:00\",\"dateModified\":\"2024-11-04T17:51:35+00:00\",\"mainEntityOfPage\":{\"@id\":\"https:\/\/serbiaopen.org\/sr\/vesti\/lajovic-krajinovic-uvek-ima-mesta-u-mom-timu\/\"},\"wordCount\":120,\"publisher\":{\"@id\":\"https:\/\/serbiaopen.org\/sr\/#organization\"},\"image\":{\"@id\":\"https:\/\/serbiaopen.org\/sr\/vesti\/lajovic-krajinovic-uvek-ima-mesta-u-mom-timu\/#primaryimage\"},\"thumbnailUrl\":\"https:\/\/serbiaopen.org\/wp-content\/uploads\/2024\/11\/317A4814.jpg\",\"articleSection\":[\"Vesti\"],\"inLanguage\":\"sr-RS\"},{\"@type\":\"WebPage\",\"@id\":\"https:\/\/serbiaopen.org\/sr\/vesti\/lajovic-krajinovic-uvek-ima-mesta-u-mom-timu\/\",\"url\":\"https:\/\/serbiaopen.org\/sr\/vesti\/lajovic-krajinovic-uvek-ima-mesta-u-mom-timu\/\",\"name\":\"Lajovi\u0107: Krajinovi\u0107 uvek ima mesta u mom timu - Belgrade Open\",\"isPartOf\":{\"@id\":\"https:\/\/serbiaopen.org\/sr\/#website\"},\"primaryImageOfPage\":{\"@id\":\"https:\/\/serbiaopen.org\/sr\/vesti\/lajovic-krajinovic-uvek-ima-mesta-u-mom-timu\/#primaryimage\"},\"image\":{\"@id\":\"https:\/\/serbiaopen.org\/sr\/vesti\/lajovic-krajinovic-uvek-ima-mesta-u-mom-timu\/#primaryimage\"},\"thumbnailUrl\":\"https:\/\/serbiaopen.org\/wp-content\/uploads\/2024\/11\/317A4814.jpg\",\"datePublished\":\"2024-11-04T16:56:10+00:00\",\"dateModified\":\"2024-11-04T17:51:35+00:00\",\"breadcrumb\":{\"@id\":\"https:\/\/serbiaopen.org\/sr\/vesti\/lajovic-krajinovic-uvek-ima-mesta-u-mom-timu\/#breadcrumb\"},\"inLanguage\":\"sr-RS\",\"potentialAction\":[{\"@type\":\"ReadAction\",\"target\":[\"https:\/\/serbiaopen.org\/sr\/vesti\/lajovic-krajinovic-uvek-ima-mesta-u-mom-timu\/\"]}]},{\"@type\":\"ImageObject\",\"inLanguage\":\"sr-RS\",\"@id\":\"https:\/\/serbiaopen.org\/sr\/vesti\/lajovic-krajinovic-uvek-ima-mesta-u-mom-timu\/#primaryimage\",\"url\":\"https:\/\/serbiaopen.org\/wp-content\/uploads\/2024\/11\/317A4814.jpg\",\"contentUrl\":\"https:\/\/serbiaopen.org\/wp-content\/uploads\/2024\/11\/317A4814.jpg\",\"width\":2449,\"height\":1633},{\"@type\":\"BreadcrumbList\",\"@id\":\"https:\/\/serbiaopen.org\/sr\/vesti\/lajovic-krajinovic-uvek-ima-mesta-u-mom-timu\/#breadcrumb\",\"itemListElement\":[{\"@type\":\"ListItem\",\"position\":1,\"name\":\"Home\",\"item\":\"https:\/\/serbiaopen.org\/sr\/\"},{\"@type\":\"ListItem\",\"position\":2,\"name\":\"Lajovi\u0107: Krajinovi\u0107 uvek ima mesta u mom timu\"}]},{\"@type\":\"WebSite\",\"@id\":\"https:\/\/serbiaopen.org\/sr\/#website\",\"url\":\"https:\/\/serbiaopen.org\/sr\/\",\"name\":\"Belgrade Open 2024\",\"description\":\"ATP Turnir 250\",\"publisher\":{\"@id\":\"https:\/\/serbiaopen.org\/sr\/#organization\"},\"potentialAction\":[{\"@type\":\"SearchAction\",\"target\":{\"@type\":\"EntryPoint\",\"urlTemplate\":\"https:\/\/serbiaopen.org\/sr\/?s={search_term_string}\"},\"query-input\":{\"@type\":\"PropertyValueSpecification\",\"valueRequired\":true,\"valueName\":\"search_term_string\"}}],\"inLanguage\":\"sr-RS\"},{\"@type\":\"Organization\",\"@id\":\"https:\/\/serbiaopen.org\/sr\/#organization\",\"name\":\"Belgrade Open 2024\",\"url\":\"https:\/\/serbiaopen.org\/sr\/\",\"logo\":{\"@type\":\"ImageObject\",\"inLanguage\":\"sr-RS\",\"@id\":\"https:\/\/serbiaopen.org\/sr\/#\/schema\/logo\/image\/\",\"url\":\"https:\/\/serbiaopen.org\/wp-content\/uploads\/2024\/10\/card.png\",\"contentUrl\":\"https:\/\/serbiaopen.org\/wp-content\/uploads\/2024\/10\/card.png\",\"width\":1920,\"height\":1080,\"caption\":\"Belgrade Open 2024\"},\"image\":{\"@id\":\"https:\/\/serbiaopen.org\/sr\/#\/schema\/logo\/image\/\"},\"sameAs\":[\"https:\/\/www.facebook.com\/serbiaopenofficial\"]},{\"@type\":\"Person\",\"@id\":\"https:\/\/serbiaopen.org\/sr\/#\/schema\/person\/491bb56af5f7cbe15a61c2d2d05c258f\",\"name\":\"Tijana Djordjevic\",\"url\":\"https:\/\/serbiaopen.org\/sr\/author\/tijana-djordjevic\/\"}]}<\/script>\n<!-- \/ Yoast SEO plugin. -->","yoast_head_json":{"title":"Lajovi\u0107: Krajinovi\u0107 uvek ima mesta u mom timu - Belgrade Open","robots":{"index":"index","follow":"follow","max-snippet":"max-snippet:-1","max-image-preview":"max-image-preview:large","max-video-preview":"max-video-preview:-1"},"canonical":"https:\/\/serbiaopen.org\/sr\/vesti\/lajovic-krajinovic-uvek-ima-mesta-u-mom-timu\/","og_locale":"sr_RS","og_type":"article","og_title":"Lajovi\u0107: Krajinovi\u0107 uvek ima mesta u mom timu - Belgrade Open","og_description":"Filip Krajinovi\u0107 je pre nekoliko meseci oti\u0161ao u penziju, a [&hellip;]","og_url":"https:\/\/serbiaopen.org\/sr\/vesti\/lajovic-krajinovic-uvek-ima-mesta-u-mom-timu\/","og_site_name":"Belgrade Open","article_publisher":"https:\/\/www.facebook.com\/serbiaopenofficial","article_published_time":"2024-11-04T16:56:10+00:00","article_modified_time":"2024-11-04T17:51:35+00:00","og_image":[{"width":2449,"height":1633,"url":"https:\/\/serbiaopen.org\/wp-content\/uploads\/2024\/11\/317A4814.jpg","type":"image\/jpeg"}],"author":"Tijana Djordjevic","twitter_card":"summary_large_image","twitter_misc":{"\u041d\u0430\u043f\u0438\u0441\u0430\u043d\u043e \u043e\u0434":"Tijana Djordjevic","\u041f\u0440\u043e\u0446\u0435\u045a\u0435\u043d\u043e \u0432\u0440\u0435\u043c\u0435 \u0447\u0438\u0442\u0430\u045a\u0430":"1 \u043c\u0438\u043d\u0443\u0442"},"schema":{"@context":"https:\/\/schema.org","@graph":[{"@type":"Article","@id":"https:\/\/serbiaopen.org\/sr\/vesti\/lajovic-krajinovic-uvek-ima-mesta-u-mom-timu\/#article","isPartOf":{"@id":"https:\/\/serbiaopen.org\/sr\/vesti\/lajovic-krajinovic-uvek-ima-mesta-u-mom-timu\/"},"author":{"name":"Tijana Djordjevic","@id":"https:\/\/serbiaopen.org\/sr\/#\/schema\/person\/491bb56af5f7cbe15a61c2d2d05c258f"},"headline":"Lajovi\u0107: Krajinovi\u0107 uvek ima mesta u mom timu","datePublished":"2024-11-04T16:56:10+00:00","dateModified":"2024-11-04T17:51:35+00:00","mainEntityOfPage":{"@id":"https:\/\/serbiaopen.org\/sr\/vesti\/lajovic-krajinovic-uvek-ima-mesta-u-mom-timu\/"},"wordCount":120,"publisher":{"@id":"https:\/\/serbiaopen.org\/sr\/#organization"},"image":{"@id":"https:\/\/serbiaopen.org\/sr\/vesti\/lajovic-krajinovic-uvek-ima-mesta-u-mom-timu\/#primaryimage"},"thumbnailUrl":"https:\/\/serbiaopen.org\/wp-content\/uploads\/2024\/11\/317A4814.jpg","articleSection":["Vesti"],"inLanguage":"sr-RS"},{"@type":"WebPage","@id":"https:\/\/serbiaopen.org\/sr\/vesti\/lajovic-krajinovic-uvek-ima-mesta-u-mom-timu\/","url":"https:\/\/serbiaopen.org\/sr\/vesti\/lajovic-krajinovic-uvek-ima-mesta-u-mom-timu\/","name":"Lajovi\u0107: Krajinovi\u0107 uvek ima mesta u mom timu - Belgrade Open","isPartOf":{"@id":"https:\/\/serbiaopen.org\/sr\/#website"},"primaryImageOfPage":{"@id":"https:\/\/serbiaopen.org\/sr\/vesti\/lajovic-krajinovic-uvek-ima-mesta-u-mom-timu\/#primaryimage"},"image":{"@id":"https:\/\/serbiaopen.org\/sr\/vesti\/lajovic-krajinovic-uvek-ima-mesta-u-mom-timu\/#primaryimage"},"thumbnailUrl":"https:\/\/serbiaopen.org\/wp-content\/uploads\/2024\/11\/317A4814.jpg","datePublished":"2024-11-04T16:56:10+00:00","dateModified":"2024-11-04T17:51:35+00:00","breadcrumb":{"@id":"https:\/\/serbiaopen.org\/sr\/vesti\/lajovic-krajinovic-uvek-ima-mesta-u-mom-timu\/#breadcrumb"},"inLanguage":"sr-RS","potentialAction":[{"@type":"ReadAction","target":["https:\/\/serbiaopen.org\/sr\/vesti\/lajovic-krajinovic-uvek-ima-mesta-u-mom-timu\/"]}]},{"@type":"ImageObject","inLanguage":"sr-RS","@id":"https:\/\/serbiaopen.org\/sr\/vesti\/lajovic-krajinovic-uvek-ima-mesta-u-mom-timu\/#primaryimage","url":"https:\/\/serbiaopen.org\/wp-content\/uploads\/2024\/11\/317A4814.jpg","contentUrl":"https:\/\/serbiaopen.org\/wp-content\/uploads\/2024\/11\/317A4814.jpg","width":2449,"height":1633},{"@type":"BreadcrumbList","@id":"https:\/\/serbiaopen.org\/sr\/vesti\/lajovic-krajinovic-uvek-ima-mesta-u-mom-timu\/#breadcrumb","itemListElement":[{"@type":"ListItem","position":1,"name":"Home","item":"https:\/\/serbiaopen.org\/sr\/"},{"@type":"ListItem","position":2,"name":"Lajovi\u0107: Krajinovi\u0107 uvek ima mesta u mom timu"}]},{"@type":"WebSite","@id":"https:\/\/serbiaopen.org\/sr\/#website","url":"https:\/\/serbiaopen.org\/sr\/","name":"Belgrade Open 2024","description":"ATP Turnir 250","publisher":{"@id":"https:\/\/serbiaopen.org\/sr\/#organization"},"potentialAction":[{"@type":"SearchAction","target":{"@type":"EntryPoint","urlTemplate":"https:\/\/serbiaopen.org\/sr\/?s={search_term_string}"},"query-input":{"@type":"PropertyValueSpecification","valueRequired":true,"valueName":"search_term_string"}}],"inLanguage":"sr-RS"},{"@type":"Organization","@id":"https:\/\/serbiaopen.org\/sr\/#organization","name":"Belgrade Open 2024","url":"https:\/\/serbiaopen.org\/sr\/","logo":{"@type":"ImageObject","inLanguage":"sr-RS","@id":"https:\/\/serbiaopen.org\/sr\/#\/schema\/logo\/image\/","url":"https:\/\/serbiaopen.org\/wp-content\/uploads\/2024\/10\/card.png","contentUrl":"https:\/\/serbiaopen.org\/wp-content\/uploads\/2024\/10\/card.png","width":1920,"height":1080,"caption":"Belgrade Open 2024"},"image":{"@id":"https:\/\/serbiaopen.org\/sr\/#\/schema\/logo\/image\/"},"sameAs":["https:\/\/www.facebook.com\/serbiaopenofficial"]},{"@type":"Person","@id":"https:\/\/serbiaopen.org\/sr\/#\/schema\/person\/491bb56af5f7cbe15a61c2d2d05c258f","name":"Tijana Djordjevic","url":"https:\/\/serbiaopen.org\/sr\/author\/tijana-djordjevic\/"}]}},"_links":{"self":[{"href":"https:\/\/serbiaopen.org\/sr\/wp-json\/wp\/v2\/posts\/3361"}],"collection":[{"href":"https:\/\/serbiaopen.org\/sr\/wp-json\/wp\/v2\/posts"}],"about":[{"href":"https:\/\/serbiaopen.org\/sr\/wp-json\/wp\/v2\/types\/post"}],"author":[{"embeddable":true,"href":"https:\/\/serbiaopen.org\/sr\/wp-json\/wp\/v2\/users\/4"}],"replies":[{"embeddable":true,"href":"https:\/\/serbiaopen.org\/sr\/wp-json\/wp\/v2\/comments?post=3361"}],"version-history":[{"count":1,"href":"https:\/\/serbiaopen.org\/sr\/wp-json\/wp\/v2\/posts\/3361\/revisions"}],"predecessor-version":[{"id":3364,"href":"https:\/\/serbiaopen.org\/sr\/wp-json\/wp\/v2\/posts\/3361\/revisions\/3364"}],"wp:featuredmedia":[{"embeddable":true,"href":"https:\/\/serbiaopen.org\/sr\/wp-json\/wp\/v2\/media\/3362"}],"wp:attachment":[{"href":"https:\/\/serbiaopen.org\/sr\/wp-json\/wp\/v2\/media?parent=3361"}],"wp:term":[{"taxonomy":"category","embeddable":true,"href":"https:\/\/serbiaopen.org\/sr\/wp-json\/wp\/v2\/categories?post=3361"},{"taxonomy":"post_tag","embeddable":true,"href":"https:\/\/serbiaopen.org\/sr\/wp-json\/wp\/v2\/tags?post=3361"}],"curies":[{"name":"wp","href":"https:\/\/api.w.org\/{rel}","templated":true}]}}