{"id":3344,"date":"2024-11-04T17:49:12","date_gmt":"2024-11-04T16:49:12","guid":{"rendered":"https:\/\/serbiaopen.org\/?p=3344"},"modified":"2024-11-04T18:20:22","modified_gmt":"2024-11-04T17:20:22","slug":"lajovic-odusevljen-posle-pobede-odigrao-sam-savrsen-prvi-set","status":"publish","type":"post","link":"https:\/\/serbiaopen.org\/sr\/vesti\/lajovic-odusevljen-posle-pobede-odigrao-sam-savrsen-prvi-set\/","title":{"rendered":"Lajovi\u0107 odu\u0161evljen posle pobede: Odigrao sam savr\u0161en prvi set"},"content":{"rendered":"<p>Du\u0161an Lajovi\u0107 plasirao se u drugo kolo ATP turnira u Beogradu, nakon \u0161to je danas u prvom kolu pobedio Argentinca Marijana Navonea 2:0 po setovima 6:0, 7:6 (7:3). Me\u010d je trajao sat i 25 minuta.<\/p>\n<p>Srpski teniser je prvi set osvojio ubedljivo, po\u0161to je tri puta oduzeo servis protivniku, dok je u drugom kroz taj-brejk morao da se izbori za pobedu.<\/p>\n<p>Du\u0161an Lajovi\u0107 je igrao sigurno kao pro\u0161le godine u Banjaluci, mada se sada radi o druga\u010dijoj podlozi.<\/p>\n<p>&#8222;Ne znam da li li\u010di na Banjaluku, ali je bitna pobeda za mene. Povredio sam se i delovalo je kao da sam zavr\u0161io sezonu. Ipak, uspeo sam da se oporavim i odigram nekoliko turnira i, iskreno, da ova nedelja nije u Beogradu, zavr\u0161io bih sezonu. \u010cast i \u017eelja mi je da igram pred doma\u0107om publikom&#8220;, rekao je Du\u0161an Lajovi\u0107.<\/p>\n<p>Osvrnuo se srpski igra\u010d i na fantasti\u010dan prvi koji je re\u0161io u svoju korist sa \u010dak 6:0.<\/p>\n<p>&#8222;Nisam o\u010dekivao ovako dobar set. Stvarno savr\u0161en. U drugom sam propustio par \u0161ansi na startu, a onda se rival malo opustio \u0161to je dovelo do taj-brejka. Uspeo sam da spasim i nekoliko set lopti. To je i bolje nego da sam bez problema dobio ovaj me\u010d. Onda sam te neke momente pod pritiskom uspeo da anuliram. U bitnim trenucima sam osetio da mi nedostaju me\u010devi. Bitna pobeda za mene, bez obzira \u0161to je kraj sezone. O\u010dekujem da nastavim u ovom ritmu, ose\u0107ao sam se dobro na trenu, nisam se obazirao na zglob&#8220;.<\/p>\n<p>Govorio je Lajovi\u0107 i o planovima za narednu sezonu.<\/p>\n<p>&#8222;Nisam jo\u0161 zadao sebi cilj za slede\u0107u godinu, tek posle odmora \u0107u se posvetiti planovima. Nekako je ova sezona bila gore-dole. Povreda me je poremetila, de\u0161ava se, to je standardna stvar u sportu. Izgubio sam samo \u010detiri nedelje, plus jo\u0161 koju dok sam u\u0161ao u ritam, ali zavr\u0161avam sezonu u dobroj formi, bi\u0107u u potpunosti spreman za novu&#8220;, zaklju\u010dio je Lajovi\u0107.<\/p>\n","protected":false},"excerpt":{"rendered":"<p>Du\u0161an Lajovi\u0107 plasirao se u drugo kolo ATP turnira u [&hellip;]<\/p>\n","protected":false},"author":4,"featured_media":3350,"comment_status":"closed","ping_status":"closed","sticky":false,"template":"","format":"standard","meta":{"_acf_changed":false,"footnotes":""},"categories":[14],"tags":[],"class_list":["post-3344","post","type-post","status-publish","format-standard","has-post-thumbnail","hentry","category-vesti"],"acf":[],"yoast_head":"<!-- This site is optimized with the Yoast SEO plugin v23.7 - https:\/\/yoast.com\/wordpress\/plugins\/seo\/ -->\n<title>Lajovi\u0107 odu\u0161evljen posle pobede: Odigrao sam savr\u0161en prvi set - Belgrade Open<\/title>\n<meta name=\"robots\" content=\"index, follow, max-snippet:-1, max-image-preview:large, max-video-preview:-1\" \/>\n<link rel=\"canonical\" href=\"https:\/\/serbiaopen.org\/sr\/vesti\/lajovic-odusevljen-posle-pobede-odigrao-sam-savrsen-prvi-set\/\" \/>\n<meta property=\"og:locale\" content=\"sr_RS\" \/>\n<meta property=\"og:type\" content=\"article\" \/>\n<meta property=\"og:title\" content=\"Lajovi\u0107 odu\u0161evljen posle pobede: Odigrao sam savr\u0161en prvi set - Belgrade Open\" \/>\n<meta property=\"og:description\" content=\"Du\u0161an Lajovi\u0107 plasirao se u drugo kolo ATP turnira u [&hellip;]\" \/>\n<meta property=\"og:url\" content=\"https:\/\/serbiaopen.org\/sr\/vesti\/lajovic-odusevljen-posle-pobede-odigrao-sam-savrsen-prvi-set\/\" \/>\n<meta property=\"og:site_name\" content=\"Belgrade Open\" \/>\n<meta property=\"article:publisher\" content=\"https:\/\/www.facebook.com\/serbiaopenofficial\" \/>\n<meta property=\"article:published_time\" content=\"2024-11-04T16:49:12+00:00\" \/>\n<meta property=\"article:modified_time\" content=\"2024-11-04T17:20:22+00:00\" \/>\n<meta property=\"og:image\" content=\"https:\/\/serbiaopen.org\/wp-content\/uploads\/2024\/11\/317A5043-1-scaled.jpg\" \/>\n\t<meta property=\"og:image:width\" content=\"2560\" \/>\n\t<meta property=\"og:image:height\" content=\"1707\" \/>\n\t<meta property=\"og:image:type\" content=\"image\/jpeg\" \/>\n<meta name=\"author\" content=\"Tijana Djordjevic\" \/>\n<meta name=\"twitter:card\" content=\"summary_large_image\" \/>\n<meta name=\"twitter:label1\" content=\"\u041d\u0430\u043f\u0438\u0441\u0430\u043d\u043e \u043e\u0434\" \/>\n\t<meta name=\"twitter:data1\" content=\"Tijana Djordjevic\" \/>\n\t<meta name=\"twitter:label2\" content=\"\u041f\u0440\u043e\u0446\u0435\u045a\u0435\u043d\u043e \u0432\u0440\u0435\u043c\u0435 \u0447\u0438\u0442\u0430\u045a\u0430\" \/>\n\t<meta name=\"twitter:data2\" content=\"2 \u043c\u0438\u043d\u0443\u0442\u0430\" \/>\n<script type=\"application\/ld+json\" class=\"yoast-schema-graph\">{\"@context\":\"https:\/\/schema.org\",\"@graph\":[{\"@type\":\"Article\",\"@id\":\"https:\/\/serbiaopen.org\/sr\/vesti\/lajovic-odusevljen-posle-pobede-odigrao-sam-savrsen-prvi-set\/#article\",\"isPartOf\":{\"@id\":\"https:\/\/serbiaopen.org\/sr\/vesti\/lajovic-odusevljen-posle-pobede-odigrao-sam-savrsen-prvi-set\/\"},\"author\":{\"name\":\"Tijana Djordjevic\",\"@id\":\"https:\/\/serbiaopen.org\/sr\/#\/schema\/person\/491bb56af5f7cbe15a61c2d2d05c258f\"},\"headline\":\"Lajovi\u0107 odu\u0161evljen posle pobede: Odigrao sam savr\u0161en prvi set\",\"datePublished\":\"2024-11-04T16:49:12+00:00\",\"dateModified\":\"2024-11-04T17:20:22+00:00\",\"mainEntityOfPage\":{\"@id\":\"https:\/\/serbiaopen.org\/sr\/vesti\/lajovic-odusevljen-posle-pobede-odigrao-sam-savrsen-prvi-set\/\"},\"wordCount\":344,\"publisher\":{\"@id\":\"https:\/\/serbiaopen.org\/sr\/#organization\"},\"image\":{\"@id\":\"https:\/\/serbiaopen.org\/sr\/vesti\/lajovic-odusevljen-posle-pobede-odigrao-sam-savrsen-prvi-set\/#primaryimage\"},\"thumbnailUrl\":\"https:\/\/serbiaopen.org\/wp-content\/uploads\/2024\/11\/317A5043-1-scaled.jpg\",\"articleSection\":[\"Vesti\"],\"inLanguage\":\"sr-RS\"},{\"@type\":\"WebPage\",\"@id\":\"https:\/\/serbiaopen.org\/sr\/vesti\/lajovic-odusevljen-posle-pobede-odigrao-sam-savrsen-prvi-set\/\",\"url\":\"https:\/\/serbiaopen.org\/sr\/vesti\/lajovic-odusevljen-posle-pobede-odigrao-sam-savrsen-prvi-set\/\",\"name\":\"Lajovi\u0107 odu\u0161evljen posle pobede: Odigrao sam savr\u0161en prvi set - Belgrade Open\",\"isPartOf\":{\"@id\":\"https:\/\/serbiaopen.org\/sr\/#website\"},\"primaryImageOfPage\":{\"@id\":\"https:\/\/serbiaopen.org\/sr\/vesti\/lajovic-odusevljen-posle-pobede-odigrao-sam-savrsen-prvi-set\/#primaryimage\"},\"image\":{\"@id\":\"https:\/\/serbiaopen.org\/sr\/vesti\/lajovic-odusevljen-posle-pobede-odigrao-sam-savrsen-prvi-set\/#primaryimage\"},\"thumbnailUrl\":\"https:\/\/serbiaopen.org\/wp-content\/uploads\/2024\/11\/317A5043-1-scaled.jpg\",\"datePublished\":\"2024-11-04T16:49:12+00:00\",\"dateModified\":\"2024-11-04T17:20:22+00:00\",\"breadcrumb\":{\"@id\":\"https:\/\/serbiaopen.org\/sr\/vesti\/lajovic-odusevljen-posle-pobede-odigrao-sam-savrsen-prvi-set\/#breadcrumb\"},\"inLanguage\":\"sr-RS\",\"potentialAction\":[{\"@type\":\"ReadAction\",\"target\":[\"https:\/\/serbiaopen.org\/sr\/vesti\/lajovic-odusevljen-posle-pobede-odigrao-sam-savrsen-prvi-set\/\"]}]},{\"@type\":\"ImageObject\",\"inLanguage\":\"sr-RS\",\"@id\":\"https:\/\/serbiaopen.org\/sr\/vesti\/lajovic-odusevljen-posle-pobede-odigrao-sam-savrsen-prvi-set\/#primaryimage\",\"url\":\"https:\/\/serbiaopen.org\/wp-content\/uploads\/2024\/11\/317A5043-1-scaled.jpg\",\"contentUrl\":\"https:\/\/serbiaopen.org\/wp-content\/uploads\/2024\/11\/317A5043-1-scaled.jpg\",\"width\":2560,\"height\":1707},{\"@type\":\"BreadcrumbList\",\"@id\":\"https:\/\/serbiaopen.org\/sr\/vesti\/lajovic-odusevljen-posle-pobede-odigrao-sam-savrsen-prvi-set\/#breadcrumb\",\"itemListElement\":[{\"@type\":\"ListItem\",\"position\":1,\"name\":\"Home\",\"item\":\"https:\/\/serbiaopen.org\/sr\/\"},{\"@type\":\"ListItem\",\"position\":2,\"name\":\"Lajovi\u0107 odu\u0161evljen posle pobede: Odigrao sam savr\u0161en prvi set\"}]},{\"@type\":\"WebSite\",\"@id\":\"https:\/\/serbiaopen.org\/sr\/#website\",\"url\":\"https:\/\/serbiaopen.org\/sr\/\",\"name\":\"Belgrade Open 2024\",\"description\":\"ATP Turnir 250\",\"publisher\":{\"@id\":\"https:\/\/serbiaopen.org\/sr\/#organization\"},\"potentialAction\":[{\"@type\":\"SearchAction\",\"target\":{\"@type\":\"EntryPoint\",\"urlTemplate\":\"https:\/\/serbiaopen.org\/sr\/?s={search_term_string}\"},\"query-input\":{\"@type\":\"PropertyValueSpecification\",\"valueRequired\":true,\"valueName\":\"search_term_string\"}}],\"inLanguage\":\"sr-RS\"},{\"@type\":\"Organization\",\"@id\":\"https:\/\/serbiaopen.org\/sr\/#organization\",\"name\":\"Belgrade Open 2024\",\"url\":\"https:\/\/serbiaopen.org\/sr\/\",\"logo\":{\"@type\":\"ImageObject\",\"inLanguage\":\"sr-RS\",\"@id\":\"https:\/\/serbiaopen.org\/sr\/#\/schema\/logo\/image\/\",\"url\":\"https:\/\/serbiaopen.org\/wp-content\/uploads\/2024\/10\/card.png\",\"contentUrl\":\"https:\/\/serbiaopen.org\/wp-content\/uploads\/2024\/10\/card.png\",\"width\":1920,\"height\":1080,\"caption\":\"Belgrade Open 2024\"},\"image\":{\"@id\":\"https:\/\/serbiaopen.org\/sr\/#\/schema\/logo\/image\/\"},\"sameAs\":[\"https:\/\/www.facebook.com\/serbiaopenofficial\"]},{\"@type\":\"Person\",\"@id\":\"https:\/\/serbiaopen.org\/sr\/#\/schema\/person\/491bb56af5f7cbe15a61c2d2d05c258f\",\"name\":\"Tijana Djordjevic\",\"url\":\"https:\/\/serbiaopen.org\/sr\/author\/tijana-djordjevic\/\"}]}<\/script>\n<!-- \/ Yoast SEO plugin. -->","yoast_head_json":{"title":"Lajovi\u0107 odu\u0161evljen posle pobede: Odigrao sam savr\u0161en prvi set - Belgrade Open","robots":{"index":"index","follow":"follow","max-snippet":"max-snippet:-1","max-image-preview":"max-image-preview:large","max-video-preview":"max-video-preview:-1"},"canonical":"https:\/\/serbiaopen.org\/sr\/vesti\/lajovic-odusevljen-posle-pobede-odigrao-sam-savrsen-prvi-set\/","og_locale":"sr_RS","og_type":"article","og_title":"Lajovi\u0107 odu\u0161evljen posle pobede: Odigrao sam savr\u0161en prvi set - Belgrade Open","og_description":"Du\u0161an Lajovi\u0107 plasirao se u drugo kolo ATP turnira u [&hellip;]","og_url":"https:\/\/serbiaopen.org\/sr\/vesti\/lajovic-odusevljen-posle-pobede-odigrao-sam-savrsen-prvi-set\/","og_site_name":"Belgrade Open","article_publisher":"https:\/\/www.facebook.com\/serbiaopenofficial","article_published_time":"2024-11-04T16:49:12+00:00","article_modified_time":"2024-11-04T17:20:22+00:00","og_image":[{"width":2560,"height":1707,"url":"https:\/\/serbiaopen.org\/wp-content\/uploads\/2024\/11\/317A5043-1-scaled.jpg","type":"image\/jpeg"}],"author":"Tijana Djordjevic","twitter_card":"summary_large_image","twitter_misc":{"\u041d\u0430\u043f\u0438\u0441\u0430\u043d\u043e \u043e\u0434":"Tijana Djordjevic","\u041f\u0440\u043e\u0446\u0435\u045a\u0435\u043d\u043e \u0432\u0440\u0435\u043c\u0435 \u0447\u0438\u0442\u0430\u045a\u0430":"2 \u043c\u0438\u043d\u0443\u0442\u0430"},"schema":{"@context":"https:\/\/schema.org","@graph":[{"@type":"Article","@id":"https:\/\/serbiaopen.org\/sr\/vesti\/lajovic-odusevljen-posle-pobede-odigrao-sam-savrsen-prvi-set\/#article","isPartOf":{"@id":"https:\/\/serbiaopen.org\/sr\/vesti\/lajovic-odusevljen-posle-pobede-odigrao-sam-savrsen-prvi-set\/"},"author":{"name":"Tijana Djordjevic","@id":"https:\/\/serbiaopen.org\/sr\/#\/schema\/person\/491bb56af5f7cbe15a61c2d2d05c258f"},"headline":"Lajovi\u0107 odu\u0161evljen posle pobede: Odigrao sam savr\u0161en prvi set","datePublished":"2024-11-04T16:49:12+00:00","dateModified":"2024-11-04T17:20:22+00:00","mainEntityOfPage":{"@id":"https:\/\/serbiaopen.org\/sr\/vesti\/lajovic-odusevljen-posle-pobede-odigrao-sam-savrsen-prvi-set\/"},"wordCount":344,"publisher":{"@id":"https:\/\/serbiaopen.org\/sr\/#organization"},"image":{"@id":"https:\/\/serbiaopen.org\/sr\/vesti\/lajovic-odusevljen-posle-pobede-odigrao-sam-savrsen-prvi-set\/#primaryimage"},"thumbnailUrl":"https:\/\/serbiaopen.org\/wp-content\/uploads\/2024\/11\/317A5043-1-scaled.jpg","articleSection":["Vesti"],"inLanguage":"sr-RS"},{"@type":"WebPage","@id":"https:\/\/serbiaopen.org\/sr\/vesti\/lajovic-odusevljen-posle-pobede-odigrao-sam-savrsen-prvi-set\/","url":"https:\/\/serbiaopen.org\/sr\/vesti\/lajovic-odusevljen-posle-pobede-odigrao-sam-savrsen-prvi-set\/","name":"Lajovi\u0107 odu\u0161evljen posle pobede: Odigrao sam savr\u0161en prvi set - Belgrade Open","isPartOf":{"@id":"https:\/\/serbiaopen.org\/sr\/#website"},"primaryImageOfPage":{"@id":"https:\/\/serbiaopen.org\/sr\/vesti\/lajovic-odusevljen-posle-pobede-odigrao-sam-savrsen-prvi-set\/#primaryimage"},"image":{"@id":"https:\/\/serbiaopen.org\/sr\/vesti\/lajovic-odusevljen-posle-pobede-odigrao-sam-savrsen-prvi-set\/#primaryimage"},"thumbnailUrl":"https:\/\/serbiaopen.org\/wp-content\/uploads\/2024\/11\/317A5043-1-scaled.jpg","datePublished":"2024-11-04T16:49:12+00:00","dateModified":"2024-11-04T17:20:22+00:00","breadcrumb":{"@id":"https:\/\/serbiaopen.org\/sr\/vesti\/lajovic-odusevljen-posle-pobede-odigrao-sam-savrsen-prvi-set\/#breadcrumb"},"inLanguage":"sr-RS","potentialAction":[{"@type":"ReadAction","target":["https:\/\/serbiaopen.org\/sr\/vesti\/lajovic-odusevljen-posle-pobede-odigrao-sam-savrsen-prvi-set\/"]}]},{"@type":"ImageObject","inLanguage":"sr-RS","@id":"https:\/\/serbiaopen.org\/sr\/vesti\/lajovic-odusevljen-posle-pobede-odigrao-sam-savrsen-prvi-set\/#primaryimage","url":"https:\/\/serbiaopen.org\/wp-content\/uploads\/2024\/11\/317A5043-1-scaled.jpg","contentUrl":"https:\/\/serbiaopen.org\/wp-content\/uploads\/2024\/11\/317A5043-1-scaled.jpg","width":2560,"height":1707},{"@type":"BreadcrumbList","@id":"https:\/\/serbiaopen.org\/sr\/vesti\/lajovic-odusevljen-posle-pobede-odigrao-sam-savrsen-prvi-set\/#breadcrumb","itemListElement":[{"@type":"ListItem","position":1,"name":"Home","item":"https:\/\/serbiaopen.org\/sr\/"},{"@type":"ListItem","position":2,"name":"Lajovi\u0107 odu\u0161evljen posle pobede: Odigrao sam savr\u0161en prvi set"}]},{"@type":"WebSite","@id":"https:\/\/serbiaopen.org\/sr\/#website","url":"https:\/\/serbiaopen.org\/sr\/","name":"Belgrade Open 2024","description":"ATP Turnir 250","publisher":{"@id":"https:\/\/serbiaopen.org\/sr\/#organization"},"potentialAction":[{"@type":"SearchAction","target":{"@type":"EntryPoint","urlTemplate":"https:\/\/serbiaopen.org\/sr\/?s={search_term_string}"},"query-input":{"@type":"PropertyValueSpecification","valueRequired":true,"valueName":"search_term_string"}}],"inLanguage":"sr-RS"},{"@type":"Organization","@id":"https:\/\/serbiaopen.org\/sr\/#organization","name":"Belgrade Open 2024","url":"https:\/\/serbiaopen.org\/sr\/","logo":{"@type":"ImageObject","inLanguage":"sr-RS","@id":"https:\/\/serbiaopen.org\/sr\/#\/schema\/logo\/image\/","url":"https:\/\/serbiaopen.org\/wp-content\/uploads\/2024\/10\/card.png","contentUrl":"https:\/\/serbiaopen.org\/wp-content\/uploads\/2024\/10\/card.png","width":1920,"height":1080,"caption":"Belgrade Open 2024"},"image":{"@id":"https:\/\/serbiaopen.org\/sr\/#\/schema\/logo\/image\/"},"sameAs":["https:\/\/www.facebook.com\/serbiaopenofficial"]},{"@type":"Person","@id":"https:\/\/serbiaopen.org\/sr\/#\/schema\/person\/491bb56af5f7cbe15a61c2d2d05c258f","name":"Tijana Djordjevic","url":"https:\/\/serbiaopen.org\/sr\/author\/tijana-djordjevic\/"}]}},"_links":{"self":[{"href":"https:\/\/serbiaopen.org\/sr\/wp-json\/wp\/v2\/posts\/3344"}],"collection":[{"href":"https:\/\/serbiaopen.org\/sr\/wp-json\/wp\/v2\/posts"}],"about":[{"href":"https:\/\/serbiaopen.org\/sr\/wp-json\/wp\/v2\/types\/post"}],"author":[{"embeddable":true,"href":"https:\/\/serbiaopen.org\/sr\/wp-json\/wp\/v2\/users\/4"}],"replies":[{"embeddable":true,"href":"https:\/\/serbiaopen.org\/sr\/wp-json\/wp\/v2\/comments?post=3344"}],"version-history":[{"count":1,"href":"https:\/\/serbiaopen.org\/sr\/wp-json\/wp\/v2\/posts\/3344\/revisions"}],"predecessor-version":[{"id":3352,"href":"https:\/\/serbiaopen.org\/sr\/wp-json\/wp\/v2\/posts\/3344\/revisions\/3352"}],"wp:featuredmedia":[{"embeddable":true,"href":"https:\/\/serbiaopen.org\/sr\/wp-json\/wp\/v2\/media\/3350"}],"wp:attachment":[{"href":"https:\/\/serbiaopen.org\/sr\/wp-json\/wp\/v2\/media?parent=3344"}],"wp:term":[{"taxonomy":"category","embeddable":true,"href":"https:\/\/serbiaopen.org\/sr\/wp-json\/wp\/v2\/categories?post=3344"},{"taxonomy":"post_tag","embeddable":true,"href":"https:\/\/serbiaopen.org\/sr\/wp-json\/wp\/v2\/tags?post=3344"}],"curies":[{"name":"wp","href":"https:\/\/api.w.org\/{rel}","templated":true}]}}