{"id":3188,"date":"2024-11-04T14:37:55","date_gmt":"2024-11-04T13:37:55","guid":{"rendered":"https:\/\/serbiaopen.org\/?p=3188"},"modified":"2024-11-04T15:25:41","modified_gmt":"2024-11-04T14:25:41","slug":"cilic-voleo-bih-da-kao-novak-redam-fantasticne-uspehe-i-u-ovim-godinama","status":"publish","type":"post","link":"https:\/\/serbiaopen.org\/sr\/vesti\/cilic-voleo-bih-da-kao-novak-redam-fantasticne-uspehe-i-u-ovim-godinama\/","title":{"rendered":"\u010cili\u0107: Voleo bih da kao Novak re\u0111am fantasti\u010dne uspehe i u ovim godinama"},"content":{"rendered":"<p>Marin \u010cili\u0107 je u prvom me\u010du na turniru Belgrade Open slavio protiv Aleksandra Mulera sa 7:6(2), 6:3.<\/p>\n<p>Imao je Francuz brejk prednosti na startu prvog seta, ali se iskusni teniser iz Hrvatske odli\u010dnom igrom vratio u me\u010d i na kraju slavio.<\/p>\n<p>Beogradska publika nagradila je \u010cili\u0107a po zavr\u0161etku me\u010da, a ponovo \u0107e ga gledati u duelu sa \u010de\u0161kim teniserom Lehe\u010dkom.<\/p>\n<p>&#8222;Najte\u017ee je kad malo nisi u tempu i zar\u0111ao si od neigranja me\u010deva, a mora\u0161 da prona\u0111e\u0161 pravi balans. Pro\u0161le nedelje sam u Parizu u\u0161ao prebrzo u me\u010d i agresivno, onda sam izgubio taj ritam. Ovde su uslovi malo druga\u010diji, sporiji, ni\u017ee ska\u010de lopta. Trebalo mi je oko pola sata da se na sve naviknem. Kada sam prona\u0161ao pravi ritam, balans, odigrao sam fantasti\u010dno. Zadovoljan sam&#8220;, rekao je Marin \u010cili\u0107, po zavr\u0161etku me\u010da sa Francuzom.<\/p>\n<p><strong>Igrali ste na mnogo turnira tokom karijere, kako vam se generalno \u010dini organizacija ovog i da li mislite da Balkan ima prostor za neki iz serije 500?<\/strong><\/p>\n<p>&#8222;Na ovim na\u0161im prostorima svi obo\u017eavamo sport, fudbal, ko\u0161arku, tenis. To su veliki vrhunski sportovi i ljudi ih vole. Naro\u010dito se to odnosi na tenis. Novak je napravio neverovatne korake u poslednjih 20 godina, i dosta nas ostalih smo dr\u017eali taj visoki nivo. Uop\u0161teno ljudi kad do\u0111u na turnire i gledaju tenis u\u017eivo, tek tada vide kakav je to nivo i koliko je sve druga\u010dije nego na televiziji. Bar ja dobijam takve povratne informacije. Uop\u0161teno, kod nas su turniri na visokom nivou \u0161to se ti\u010de organizacije. Arene u Zagrebu, Umagu, i Beogradu su fantasti\u010dne. O\u010dekujem jako lepu nedelju&#8220;.<\/p>\n<p><strong>Postali ste najni\u017ee rangirani igra\u010d u istoriji ATP koji je osvojio titulu. To je bilo u Hang\u017eu. Kako se ose\u0107ate posle toga i da li vas to motivi\u0161e?<\/strong><\/p>\n<p>&#8222;Motivacije ima, za mene je 2022. godina bila jako dobra. Tada sam bio blizu finala Rolan Garosa, onda mi se desila ta povreda. Bilo mi je \u017eao da prestanem da igram u tom trenutku, jer sam se ose\u0107ao super. Upravo me je taj ose\u0107aj gurao dalje. Iskreno, i sada imam dobar ose\u0107aj kroz telo, dobar elan, motivisan sam skroz kroz treninge. Drago mi je da igram, nadam se da \u0107e se produ\u017eiti jo\u0161 nekoliko sezona i da \u0107e telo izdr\u017eati. Porodica mi je tu, velika su mi podr\u0161ka. Voleo bih da kao Novak u poznim godinama re\u0111am fantasti\u010dne uspehe&#8220;, zaklju\u010dio je Marin \u010cili\u0107.<\/p>\n<p><strong>Da li jo\u0161 uvek verujete da mo\u017eete da osvojite Grend slem?<\/strong><\/p>\n<p>&#8222;Taj cilj postoji definitivno. Na neki na\u010din jo\u0161 imam ose\u0107aj da mogu igrati na takvom nivou. Imao sam kroz tih prvih \u0161est meseci dobar ose\u0107aj. Da li \u0107e se dogoditi titula na nekom grend slemu ne znam, vide\u0107emo \u0161ta \u0107e re\u0107i zdravlje. Idem dan po dan, nedelju po nedelju. \u017delim da idem napred. Imam dobar nivo, mogu jo\u0161 to da podignem za stepenicu ili dve. Svestan sam da sve ima neki red da ne ispadne da najavljujem titulu sa 200. pozicije\u00a0 da napravim stepenicu po stepenicu&#8220;, zaklju\u010dio je \u010cili\u0107.<\/p>\n","protected":false},"excerpt":{"rendered":"<p>Marin \u010cili\u0107 je u prvom me\u010du na turniru Belgrade Open [&hellip;]<\/p>\n","protected":false},"author":5,"featured_media":3191,"comment_status":"closed","ping_status":"closed","sticky":false,"template":"","format":"standard","meta":{"_acf_changed":false,"footnotes":""},"categories":[14],"tags":[],"class_list":["post-3188","post","type-post","status-publish","format-standard","has-post-thumbnail","hentry","category-vesti"],"acf":[],"yoast_head":"<!-- This site is optimized with the Yoast SEO plugin v23.7 - https:\/\/yoast.com\/wordpress\/plugins\/seo\/ -->\n<title>\u010cili\u0107: Voleo bih da kao Novak re\u0111am fantasti\u010dne uspehe i u ovim godinama - Belgrade Open<\/title>\n<meta name=\"robots\" content=\"index, follow, max-snippet:-1, max-image-preview:large, max-video-preview:-1\" \/>\n<link rel=\"canonical\" href=\"https:\/\/serbiaopen.org\/sr\/vesti\/cilic-voleo-bih-da-kao-novak-redam-fantasticne-uspehe-i-u-ovim-godinama\/\" \/>\n<meta property=\"og:locale\" content=\"sr_RS\" \/>\n<meta property=\"og:type\" content=\"article\" \/>\n<meta property=\"og:title\" content=\"\u010cili\u0107: Voleo bih da kao Novak re\u0111am fantasti\u010dne uspehe i u ovim godinama - Belgrade Open\" \/>\n<meta property=\"og:description\" content=\"Marin \u010cili\u0107 je u prvom me\u010du na turniru Belgrade Open [&hellip;]\" \/>\n<meta property=\"og:url\" content=\"https:\/\/serbiaopen.org\/sr\/vesti\/cilic-voleo-bih-da-kao-novak-redam-fantasticne-uspehe-i-u-ovim-godinama\/\" \/>\n<meta property=\"og:site_name\" content=\"Belgrade Open\" \/>\n<meta property=\"article:publisher\" content=\"https:\/\/www.facebook.com\/serbiaopenofficial\" \/>\n<meta property=\"article:published_time\" content=\"2024-11-04T13:37:55+00:00\" \/>\n<meta property=\"article:modified_time\" content=\"2024-11-04T14:25:41+00:00\" \/>\n<meta property=\"og:image\" content=\"https:\/\/serbiaopen.org\/wp-content\/uploads\/2024\/11\/Marin-Cilic-1-scaled.jpg\" \/>\n\t<meta property=\"og:image:width\" content=\"2560\" \/>\n\t<meta property=\"og:image:height\" content=\"1708\" \/>\n\t<meta property=\"og:image:type\" content=\"image\/jpeg\" \/>\n<meta name=\"author\" content=\"Jasmina Stakic\" \/>\n<meta name=\"twitter:card\" content=\"summary_large_image\" \/>\n<meta name=\"twitter:label1\" content=\"\u041d\u0430\u043f\u0438\u0441\u0430\u043d\u043e \u043e\u0434\" \/>\n\t<meta name=\"twitter:data1\" content=\"Jasmina Stakic\" \/>\n\t<meta name=\"twitter:label2\" content=\"\u041f\u0440\u043e\u0446\u0435\u045a\u0435\u043d\u043e \u0432\u0440\u0435\u043c\u0435 \u0447\u0438\u0442\u0430\u045a\u0430\" \/>\n\t<meta name=\"twitter:data2\" content=\"3 \u043c\u0438\u043d\u0443\u0442\u0430\" \/>\n<script type=\"application\/ld+json\" class=\"yoast-schema-graph\">{\"@context\":\"https:\/\/schema.org\",\"@graph\":[{\"@type\":\"Article\",\"@id\":\"https:\/\/serbiaopen.org\/sr\/vesti\/cilic-voleo-bih-da-kao-novak-redam-fantasticne-uspehe-i-u-ovim-godinama\/#article\",\"isPartOf\":{\"@id\":\"https:\/\/serbiaopen.org\/sr\/vesti\/cilic-voleo-bih-da-kao-novak-redam-fantasticne-uspehe-i-u-ovim-godinama\/\"},\"author\":{\"name\":\"Jasmina Stakic\",\"@id\":\"https:\/\/serbiaopen.org\/sr\/#\/schema\/person\/83f690bf165bf70db2154ab0068cc8e9\"},\"headline\":\"\u010cili\u0107: Voleo bih da kao Novak re\u0111am fantasti\u010dne uspehe i u ovim godinama\",\"datePublished\":\"2024-11-04T13:37:55+00:00\",\"dateModified\":\"2024-11-04T14:25:41+00:00\",\"mainEntityOfPage\":{\"@id\":\"https:\/\/serbiaopen.org\/sr\/vesti\/cilic-voleo-bih-da-kao-novak-redam-fantasticne-uspehe-i-u-ovim-godinama\/\"},\"wordCount\":553,\"publisher\":{\"@id\":\"https:\/\/serbiaopen.org\/sr\/#organization\"},\"image\":{\"@id\":\"https:\/\/serbiaopen.org\/sr\/vesti\/cilic-voleo-bih-da-kao-novak-redam-fantasticne-uspehe-i-u-ovim-godinama\/#primaryimage\"},\"thumbnailUrl\":\"https:\/\/serbiaopen.org\/wp-content\/uploads\/2024\/11\/Marin-Cilic-1-scaled.jpg\",\"articleSection\":[\"Vesti\"],\"inLanguage\":\"sr-RS\"},{\"@type\":\"WebPage\",\"@id\":\"https:\/\/serbiaopen.org\/sr\/vesti\/cilic-voleo-bih-da-kao-novak-redam-fantasticne-uspehe-i-u-ovim-godinama\/\",\"url\":\"https:\/\/serbiaopen.org\/sr\/vesti\/cilic-voleo-bih-da-kao-novak-redam-fantasticne-uspehe-i-u-ovim-godinama\/\",\"name\":\"\u010cili\u0107: Voleo bih da kao Novak re\u0111am fantasti\u010dne uspehe i u ovim godinama - Belgrade Open\",\"isPartOf\":{\"@id\":\"https:\/\/serbiaopen.org\/sr\/#website\"},\"primaryImageOfPage\":{\"@id\":\"https:\/\/serbiaopen.org\/sr\/vesti\/cilic-voleo-bih-da-kao-novak-redam-fantasticne-uspehe-i-u-ovim-godinama\/#primaryimage\"},\"image\":{\"@id\":\"https:\/\/serbiaopen.org\/sr\/vesti\/cilic-voleo-bih-da-kao-novak-redam-fantasticne-uspehe-i-u-ovim-godinama\/#primaryimage\"},\"thumbnailUrl\":\"https:\/\/serbiaopen.org\/wp-content\/uploads\/2024\/11\/Marin-Cilic-1-scaled.jpg\",\"datePublished\":\"2024-11-04T13:37:55+00:00\",\"dateModified\":\"2024-11-04T14:25:41+00:00\",\"breadcrumb\":{\"@id\":\"https:\/\/serbiaopen.org\/sr\/vesti\/cilic-voleo-bih-da-kao-novak-redam-fantasticne-uspehe-i-u-ovim-godinama\/#breadcrumb\"},\"inLanguage\":\"sr-RS\",\"potentialAction\":[{\"@type\":\"ReadAction\",\"target\":[\"https:\/\/serbiaopen.org\/sr\/vesti\/cilic-voleo-bih-da-kao-novak-redam-fantasticne-uspehe-i-u-ovim-godinama\/\"]}]},{\"@type\":\"ImageObject\",\"inLanguage\":\"sr-RS\",\"@id\":\"https:\/\/serbiaopen.org\/sr\/vesti\/cilic-voleo-bih-da-kao-novak-redam-fantasticne-uspehe-i-u-ovim-godinama\/#primaryimage\",\"url\":\"https:\/\/serbiaopen.org\/wp-content\/uploads\/2024\/11\/Marin-Cilic-1-scaled.jpg\",\"contentUrl\":\"https:\/\/serbiaopen.org\/wp-content\/uploads\/2024\/11\/Marin-Cilic-1-scaled.jpg\",\"width\":2560,\"height\":1708},{\"@type\":\"BreadcrumbList\",\"@id\":\"https:\/\/serbiaopen.org\/sr\/vesti\/cilic-voleo-bih-da-kao-novak-redam-fantasticne-uspehe-i-u-ovim-godinama\/#breadcrumb\",\"itemListElement\":[{\"@type\":\"ListItem\",\"position\":1,\"name\":\"Home\",\"item\":\"https:\/\/serbiaopen.org\/sr\/\"},{\"@type\":\"ListItem\",\"position\":2,\"name\":\"\u010cili\u0107: Voleo bih da kao Novak re\u0111am fantasti\u010dne uspehe i u ovim godinama\"}]},{\"@type\":\"WebSite\",\"@id\":\"https:\/\/serbiaopen.org\/sr\/#website\",\"url\":\"https:\/\/serbiaopen.org\/sr\/\",\"name\":\"Belgrade Open 2024\",\"description\":\"ATP Turnir 250\",\"publisher\":{\"@id\":\"https:\/\/serbiaopen.org\/sr\/#organization\"},\"potentialAction\":[{\"@type\":\"SearchAction\",\"target\":{\"@type\":\"EntryPoint\",\"urlTemplate\":\"https:\/\/serbiaopen.org\/sr\/?s={search_term_string}\"},\"query-input\":{\"@type\":\"PropertyValueSpecification\",\"valueRequired\":true,\"valueName\":\"search_term_string\"}}],\"inLanguage\":\"sr-RS\"},{\"@type\":\"Organization\",\"@id\":\"https:\/\/serbiaopen.org\/sr\/#organization\",\"name\":\"Belgrade Open 2024\",\"url\":\"https:\/\/serbiaopen.org\/sr\/\",\"logo\":{\"@type\":\"ImageObject\",\"inLanguage\":\"sr-RS\",\"@id\":\"https:\/\/serbiaopen.org\/sr\/#\/schema\/logo\/image\/\",\"url\":\"https:\/\/serbiaopen.org\/wp-content\/uploads\/2024\/10\/card.png\",\"contentUrl\":\"https:\/\/serbiaopen.org\/wp-content\/uploads\/2024\/10\/card.png\",\"width\":1920,\"height\":1080,\"caption\":\"Belgrade Open 2024\"},\"image\":{\"@id\":\"https:\/\/serbiaopen.org\/sr\/#\/schema\/logo\/image\/\"},\"sameAs\":[\"https:\/\/www.facebook.com\/serbiaopenofficial\"]},{\"@type\":\"Person\",\"@id\":\"https:\/\/serbiaopen.org\/sr\/#\/schema\/person\/83f690bf165bf70db2154ab0068cc8e9\",\"name\":\"Jasmina Stakic\",\"url\":\"https:\/\/serbiaopen.org\/sr\/author\/jasmina-stakic\/\"}]}<\/script>\n<!-- \/ Yoast SEO plugin. -->","yoast_head_json":{"title":"\u010cili\u0107: Voleo bih da kao Novak re\u0111am fantasti\u010dne uspehe i u ovim godinama - Belgrade Open","robots":{"index":"index","follow":"follow","max-snippet":"max-snippet:-1","max-image-preview":"max-image-preview:large","max-video-preview":"max-video-preview:-1"},"canonical":"https:\/\/serbiaopen.org\/sr\/vesti\/cilic-voleo-bih-da-kao-novak-redam-fantasticne-uspehe-i-u-ovim-godinama\/","og_locale":"sr_RS","og_type":"article","og_title":"\u010cili\u0107: Voleo bih da kao Novak re\u0111am fantasti\u010dne uspehe i u ovim godinama - Belgrade Open","og_description":"Marin \u010cili\u0107 je u prvom me\u010du na turniru Belgrade Open [&hellip;]","og_url":"https:\/\/serbiaopen.org\/sr\/vesti\/cilic-voleo-bih-da-kao-novak-redam-fantasticne-uspehe-i-u-ovim-godinama\/","og_site_name":"Belgrade Open","article_publisher":"https:\/\/www.facebook.com\/serbiaopenofficial","article_published_time":"2024-11-04T13:37:55+00:00","article_modified_time":"2024-11-04T14:25:41+00:00","og_image":[{"width":2560,"height":1708,"url":"https:\/\/serbiaopen.org\/wp-content\/uploads\/2024\/11\/Marin-Cilic-1-scaled.jpg","type":"image\/jpeg"}],"author":"Jasmina Stakic","twitter_card":"summary_large_image","twitter_misc":{"\u041d\u0430\u043f\u0438\u0441\u0430\u043d\u043e \u043e\u0434":"Jasmina Stakic","\u041f\u0440\u043e\u0446\u0435\u045a\u0435\u043d\u043e \u0432\u0440\u0435\u043c\u0435 \u0447\u0438\u0442\u0430\u045a\u0430":"3 \u043c\u0438\u043d\u0443\u0442\u0430"},"schema":{"@context":"https:\/\/schema.org","@graph":[{"@type":"Article","@id":"https:\/\/serbiaopen.org\/sr\/vesti\/cilic-voleo-bih-da-kao-novak-redam-fantasticne-uspehe-i-u-ovim-godinama\/#article","isPartOf":{"@id":"https:\/\/serbiaopen.org\/sr\/vesti\/cilic-voleo-bih-da-kao-novak-redam-fantasticne-uspehe-i-u-ovim-godinama\/"},"author":{"name":"Jasmina Stakic","@id":"https:\/\/serbiaopen.org\/sr\/#\/schema\/person\/83f690bf165bf70db2154ab0068cc8e9"},"headline":"\u010cili\u0107: Voleo bih da kao Novak re\u0111am fantasti\u010dne uspehe i u ovim godinama","datePublished":"2024-11-04T13:37:55+00:00","dateModified":"2024-11-04T14:25:41+00:00","mainEntityOfPage":{"@id":"https:\/\/serbiaopen.org\/sr\/vesti\/cilic-voleo-bih-da-kao-novak-redam-fantasticne-uspehe-i-u-ovim-godinama\/"},"wordCount":553,"publisher":{"@id":"https:\/\/serbiaopen.org\/sr\/#organization"},"image":{"@id":"https:\/\/serbiaopen.org\/sr\/vesti\/cilic-voleo-bih-da-kao-novak-redam-fantasticne-uspehe-i-u-ovim-godinama\/#primaryimage"},"thumbnailUrl":"https:\/\/serbiaopen.org\/wp-content\/uploads\/2024\/11\/Marin-Cilic-1-scaled.jpg","articleSection":["Vesti"],"inLanguage":"sr-RS"},{"@type":"WebPage","@id":"https:\/\/serbiaopen.org\/sr\/vesti\/cilic-voleo-bih-da-kao-novak-redam-fantasticne-uspehe-i-u-ovim-godinama\/","url":"https:\/\/serbiaopen.org\/sr\/vesti\/cilic-voleo-bih-da-kao-novak-redam-fantasticne-uspehe-i-u-ovim-godinama\/","name":"\u010cili\u0107: Voleo bih da kao Novak re\u0111am fantasti\u010dne uspehe i u ovim godinama - Belgrade Open","isPartOf":{"@id":"https:\/\/serbiaopen.org\/sr\/#website"},"primaryImageOfPage":{"@id":"https:\/\/serbiaopen.org\/sr\/vesti\/cilic-voleo-bih-da-kao-novak-redam-fantasticne-uspehe-i-u-ovim-godinama\/#primaryimage"},"image":{"@id":"https:\/\/serbiaopen.org\/sr\/vesti\/cilic-voleo-bih-da-kao-novak-redam-fantasticne-uspehe-i-u-ovim-godinama\/#primaryimage"},"thumbnailUrl":"https:\/\/serbiaopen.org\/wp-content\/uploads\/2024\/11\/Marin-Cilic-1-scaled.jpg","datePublished":"2024-11-04T13:37:55+00:00","dateModified":"2024-11-04T14:25:41+00:00","breadcrumb":{"@id":"https:\/\/serbiaopen.org\/sr\/vesti\/cilic-voleo-bih-da-kao-novak-redam-fantasticne-uspehe-i-u-ovim-godinama\/#breadcrumb"},"inLanguage":"sr-RS","potentialAction":[{"@type":"ReadAction","target":["https:\/\/serbiaopen.org\/sr\/vesti\/cilic-voleo-bih-da-kao-novak-redam-fantasticne-uspehe-i-u-ovim-godinama\/"]}]},{"@type":"ImageObject","inLanguage":"sr-RS","@id":"https:\/\/serbiaopen.org\/sr\/vesti\/cilic-voleo-bih-da-kao-novak-redam-fantasticne-uspehe-i-u-ovim-godinama\/#primaryimage","url":"https:\/\/serbiaopen.org\/wp-content\/uploads\/2024\/11\/Marin-Cilic-1-scaled.jpg","contentUrl":"https:\/\/serbiaopen.org\/wp-content\/uploads\/2024\/11\/Marin-Cilic-1-scaled.jpg","width":2560,"height":1708},{"@type":"BreadcrumbList","@id":"https:\/\/serbiaopen.org\/sr\/vesti\/cilic-voleo-bih-da-kao-novak-redam-fantasticne-uspehe-i-u-ovim-godinama\/#breadcrumb","itemListElement":[{"@type":"ListItem","position":1,"name":"Home","item":"https:\/\/serbiaopen.org\/sr\/"},{"@type":"ListItem","position":2,"name":"\u010cili\u0107: Voleo bih da kao Novak re\u0111am fantasti\u010dne uspehe i u ovim godinama"}]},{"@type":"WebSite","@id":"https:\/\/serbiaopen.org\/sr\/#website","url":"https:\/\/serbiaopen.org\/sr\/","name":"Belgrade Open 2024","description":"ATP Turnir 250","publisher":{"@id":"https:\/\/serbiaopen.org\/sr\/#organization"},"potentialAction":[{"@type":"SearchAction","target":{"@type":"EntryPoint","urlTemplate":"https:\/\/serbiaopen.org\/sr\/?s={search_term_string}"},"query-input":{"@type":"PropertyValueSpecification","valueRequired":true,"valueName":"search_term_string"}}],"inLanguage":"sr-RS"},{"@type":"Organization","@id":"https:\/\/serbiaopen.org\/sr\/#organization","name":"Belgrade Open 2024","url":"https:\/\/serbiaopen.org\/sr\/","logo":{"@type":"ImageObject","inLanguage":"sr-RS","@id":"https:\/\/serbiaopen.org\/sr\/#\/schema\/logo\/image\/","url":"https:\/\/serbiaopen.org\/wp-content\/uploads\/2024\/10\/card.png","contentUrl":"https:\/\/serbiaopen.org\/wp-content\/uploads\/2024\/10\/card.png","width":1920,"height":1080,"caption":"Belgrade Open 2024"},"image":{"@id":"https:\/\/serbiaopen.org\/sr\/#\/schema\/logo\/image\/"},"sameAs":["https:\/\/www.facebook.com\/serbiaopenofficial"]},{"@type":"Person","@id":"https:\/\/serbiaopen.org\/sr\/#\/schema\/person\/83f690bf165bf70db2154ab0068cc8e9","name":"Jasmina Stakic","url":"https:\/\/serbiaopen.org\/sr\/author\/jasmina-stakic\/"}]}},"_links":{"self":[{"href":"https:\/\/serbiaopen.org\/sr\/wp-json\/wp\/v2\/posts\/3188"}],"collection":[{"href":"https:\/\/serbiaopen.org\/sr\/wp-json\/wp\/v2\/posts"}],"about":[{"href":"https:\/\/serbiaopen.org\/sr\/wp-json\/wp\/v2\/types\/post"}],"author":[{"embeddable":true,"href":"https:\/\/serbiaopen.org\/sr\/wp-json\/wp\/v2\/users\/5"}],"replies":[{"embeddable":true,"href":"https:\/\/serbiaopen.org\/sr\/wp-json\/wp\/v2\/comments?post=3188"}],"version-history":[{"count":2,"href":"https:\/\/serbiaopen.org\/sr\/wp-json\/wp\/v2\/posts\/3188\/revisions"}],"predecessor-version":[{"id":3225,"href":"https:\/\/serbiaopen.org\/sr\/wp-json\/wp\/v2\/posts\/3188\/revisions\/3225"}],"wp:featuredmedia":[{"embeddable":true,"href":"https:\/\/serbiaopen.org\/sr\/wp-json\/wp\/v2\/media\/3191"}],"wp:attachment":[{"href":"https:\/\/serbiaopen.org\/sr\/wp-json\/wp\/v2\/media?parent=3188"}],"wp:term":[{"taxonomy":"category","embeddable":true,"href":"https:\/\/serbiaopen.org\/sr\/wp-json\/wp\/v2\/categories?post=3188"},{"taxonomy":"post_tag","embeddable":true,"href":"https:\/\/serbiaopen.org\/sr\/wp-json\/wp\/v2\/tags?post=3188"}],"curies":[{"name":"wp","href":"https:\/\/api.w.org\/{rel}","templated":true}]}}